{"id":3953,"date":"2023-03-16T22:03:26","date_gmt":"2023-03-16T22:03:26","guid":{"rendered":"https:\/\/defrentealaverdad.com\/?p=3953"},"modified":"2023-03-16T22:03:58","modified_gmt":"2023-03-16T22:03:58","slug":"rd-es-electa-vicepresidenta-del-comite-de-experto-del-mecanismo-seguimiento-de-la-implementacion-de-la-convencion-interamericana-contra-la-corrupcion-de-la-oea","status":"publish","type":"post","link":"https:\/\/defrentealaverdad.com\/index.php\/2023\/03\/16\/rd-es-electa-vicepresidenta-del-comite-de-experto-del-mecanismo-seguimiento-de-la-implementacion-de-la-convencion-interamericana-contra-la-corrupcion-de-la-oea\/","title":{"rendered":"RD es electa vicepresidenta del Comit\u00e9 de Experto del Mecanismo Seguimiento de la Implementaci\u00f3n de la Convenci\u00f3n Interamericana Contra la Corrupci\u00f3n de la OEA"},"content":{"rendered":"<p style=\"padding-left: 40px;\">\n<p><img decoding=\"async\" class=\"alignnone size-medium wp-image-3954 lazyload\" data-src=\"https:\/\/defrentealaverdad.com\/wp-content\/uploads\/2023\/03\/IMG-20230316-WA0207-300x284.jpg\" alt=\"\" width=\"300\" height=\"284\" data-srcset=\"https:\/\/defrentealaverdad.com\/wp-content\/uploads\/2023\/03\/IMG-20230316-WA0207-300x284.jpg 300w, https:\/\/defrentealaverdad.com\/wp-content\/uploads\/2023\/03\/IMG-20230316-WA0207-768x726.jpg 768w, https:\/\/defrentealaverdad.com\/wp-content\/uploads\/2023\/03\/IMG-20230316-WA0207.jpg 1024w\" data-sizes=\"(max-width: 300px) 100vw, 300px\" src=\"data:image\/svg+xml;base64,PHN2ZyB3aWR0aD0iMSIgaGVpZ2h0PSIxIiB4bWxucz0iaHR0cDovL3d3dy53My5vcmcvMjAwMC9zdmciPjwvc3ZnPg==\" style=\"--smush-placeholder-width: 300px; --smush-placeholder-aspect-ratio: 300\/284;\" \/><\/p>\n<p>&nbsp;<\/p>\n<p>Santo Domingo.\u2013 La Rep\u00fablica Dominicana ha sido seleccionada para ocupar la vicepresidencia del Comit\u00e9 de Experto del Mecanismo de Seguimiento de la Implementaci\u00f3n de la Convenci\u00f3n Interamericana Contra la Corrupci\u00f3n (MESICIC).<\/p>\n<p>La doctora Berenice Barinas, quien viene ejerciendo desde agosto del 2020 como experta de la Direcci\u00f3n General de \u00c9tica e Integridad Gubernamental (DIGEIG) ante el MESICIC-OEA, estuvo representando en esa posici\u00f3n a la Rep\u00fablica Dominicana.<\/p>\n<p>Junto a Barinas estuvo tambi\u00e9n, Carlos Pimentel Florenz\u00e1n, director general de la Direcci\u00f3n General de Contrataciones Publica (DGCP) y director ejecutivo del Gabinete de Transparencia, Prevenci\u00f3n y Control del Gasto.<\/p>\n<p>El MESICIC es el \u00f3rgano responsable del an\u00e1lisis t\u00e9cnico de la implementaci\u00f3n de la Convenci\u00f3n por los Estados Parte. Este Comit\u00e9 se re\u00fane dos veces al a\u00f1o para la consideraci\u00f3n y la aprobaci\u00f3n de los informes anticorrupci\u00f3n de los Estados analizados.<\/p>\n<p>De esta forma, se intercambian buenas pr\u00e1cticas y se tratan temas de inter\u00e9s colectivo con miras al fortalecimiento de la cooperaci\u00f3n contra la corrupci\u00f3n en el marco de la Convenci\u00f3n.<\/p>\n<p>Los expertos del MESICIC, con el apoyo de la Secretar\u00eda T\u00e9cnica, analizan las leyes e instituciones nacionales y eval\u00faan si \u00e9stas se adaptan a las disposiciones de la Convenci\u00f3n y si son efectivas para la prevenci\u00f3n y el combate de la corrupci\u00f3n.<\/p>\n<p>Ante la elecci\u00f3n a la vicepresidencia del Comit\u00e9 de Expertos, el gobierno dominicano agradeci\u00f3 la confianza para ocupar el puesto, al tiempo que reiter\u00f3 el compromiso frente al MESICIC, apoyando el seguimiento a la implementaci\u00f3n de la Convenci\u00f3n.<\/p>\n<p>Al mismo tiempo, promoviendo la cooperaci\u00f3n e intercambio de informaci\u00f3n, experiencias, buenas pr\u00e1cticas y la armonizaci\u00f3n de las legislaciones entre todos los estados parte.<\/p>\n<p>De igual manera, la Rep\u00fablica Dominicana reafirm\u00f3 el inter\u00e9s de asegurar la eficacia de las medidas y acciones para prevenir, detectar, sancionar y erradicar los actos de corrupci\u00f3n en el ejercicio de las funciones p\u00fablicas y los actos de corrupci\u00f3n.<\/p>\n<p>En esta reuni\u00f3n, la Rep\u00fablica de Panam\u00e1 asumi\u00f3 la Presidencia del Comit\u00e9 de Expertos de Seguimiento de la Implementaci\u00f3n de la Convenci\u00f3n Interamericana Contra la Corrupci\u00f3n (MESICIC).<\/p>\n<p>La elecci\u00f3n se realiz\u00f3 en el marco de la 39ava reuni\u00f3n de dicho mecanismo, llevada a cabo del 13 al 16 de marzo del a\u00f1o en curso en Washington D.C. en la Sede de la Organizaci\u00f3n de Estados Americanos (OEA).<\/p>\n<p>&nbsp;<\/p>\n<p>Fuente: Externa<\/p>\n","protected":false},"excerpt":{"rendered":"<p>&nbsp; Santo Domingo.\u2013 La Rep\u00fablica Dominicana ha sido seleccionada para ocupar la vicepresidencia del Comit\u00e9<\/p>\n","protected":false},"author":1,"featured_media":0,"comment_status":"open","ping_status":"open","sticky":false,"template":"","format":"standard","meta":{"footnotes":""},"categories":[7],"tags":[],"class_list":["post-3953","post","type-post","status-publish","format-standard","hentry","category-nacionales"],"_links":{"self":[{"href":"https:\/\/defrentealaverdad.com\/index.php\/wp-json\/wp\/v2\/posts\/3953","targetHints":{"allow":["GET"]}}],"collection":[{"href":"https:\/\/defrentealaverdad.com\/index.php\/wp-json\/wp\/v2\/posts"}],"about":[{"href":"https:\/\/defrentealaverdad.com\/index.php\/wp-json\/wp\/v2\/types\/post"}],"author":[{"embeddable":true,"href":"https:\/\/defrentealaverdad.com\/index.php\/wp-json\/wp\/v2\/users\/1"}],"replies":[{"embeddable":true,"href":"https:\/\/defrentealaverdad.com\/index.php\/wp-json\/wp\/v2\/comments?post=3953"}],"version-history":[{"count":2,"href":"https:\/\/defrentealaverdad.com\/index.php\/wp-json\/wp\/v2\/posts\/3953\/revisions"}],"predecessor-version":[{"id":3956,"href":"https:\/\/defrentealaverdad.com\/index.php\/wp-json\/wp\/v2\/posts\/3953\/revisions\/3956"}],"wp:attachment":[{"href":"https:\/\/defrentealaverdad.com\/index.php\/wp-json\/wp\/v2\/media?parent=3953"}],"wp:term":[{"taxonomy":"category","embeddable":true,"href":"https:\/\/defrentealaverdad.com\/index.php\/wp-json\/wp\/v2\/categories?post=3953"},{"taxonomy":"post_tag","embeddable":true,"href":"https:\/\/defrentealaverdad.com\/index.php\/wp-json\/wp\/v2\/tags?post=3953"}],"curies":[{"name":"wp","href":"https:\/\/api.w.org\/{rel}","templated":true}]}}