{"id":39523,"date":"2025-02-15T22:50:14","date_gmt":"2025-02-15T22:50:14","guid":{"rendered":"https:\/\/defrentealaverdad.com\/?p=39523"},"modified":"2025-02-15T22:50:14","modified_gmt":"2025-02-15T22:50:14","slug":"coapolv-la-direccion-regional-de-la-policia-nacional-y-la-diocesis-de-la-vega-realizan-reunion-de-apoyo-y-compromiso-con-la-seguridad-ciudadana","status":"publish","type":"post","link":"https:\/\/defrentealaverdad.com\/index.php\/2025\/02\/15\/coapolv-la-direccion-regional-de-la-policia-nacional-y-la-diocesis-de-la-vega-realizan-reunion-de-apoyo-y-compromiso-con-la-seguridad-ciudadana\/","title":{"rendered":"Coapolv , la Direcci\u00f3n Regional de la Polic\u00eda Nacional y la Di\u00f3cesis de La Vega realizan reuni\u00f3n de apoyo y compromiso con la seguridad ciudadana"},"content":{"rendered":"<p style=\"text-align: justify;\">En un esfuerzo conjunto por fortalecer la seguridad y el bienestar de la comunidad vegana, la Direcci\u00f3n Regional de la Polic\u00eda Nacional, COAPOLV y la Di\u00f3cesis de La Vega sostuvieron una reuni\u00f3n clave donde reafirmaron su alianza en favor de la seguridad de Provincia.<\/p>\n<p style=\"text-align: justify;\">En representaci\u00f3n de la presidenta de COAPOLV, Indhira Duverg\u00e9, estuvieron presentes \u00c1ngel \u00c1ngeles Fern\u00e1ndez, asesor de la instituci\u00f3n, y Denny M\u00e9ndez, encargado de Relaciones P\u00fablicas.<\/p>\n<p style=\"text-align: justify;\">El encuentro fue encabezado por monse\u00f1or Tom\u00e1s Morel Dipl\u00e1n, obispo de la Di\u00f3cesis de La Vega, y el general de la Polic\u00eda Nacional Juan Pablo Ferreira Veras, director regional, en donde se abordaron diversos temas de inter\u00e9s en beneficio de la ciudadan\u00eda, con miras a reforzar las estrategias de seguridad.<\/p>\n<p style=\"text-align: justify;\">Como parte de los acuerdos se confirm\u00f3 la celebraci\u00f3n de una misa solemne el pr\u00f3ximo 2 de marzo, en conmemoraci\u00f3n del 89 aniversario de la fundaci\u00f3n de la Polic\u00eda Nacional. Esta eucarist\u00eda se llevar\u00e1 a cabo a las 10:30 a.m. en la Catedral de La Vega y ser\u00e1 oficiada por monse\u00f1or Morel Dipl\u00e1n, en coordinaci\u00f3n con el padre Mendoza.<\/p>\n<p style=\"text-align: justify;\">Este tipo de iniciativas fortalecen la colaboraci\u00f3n entre las instituciones y la comunidad, promoviendo valores de paz, justicia y seguridad para todos los ciudadanos.<\/p>\n<p>Fuente: COAPOLV<\/p>\n","protected":false},"excerpt":{"rendered":"<p>En un esfuerzo conjunto por fortalecer la seguridad y el bienestar de la comunidad vegana,<\/p>\n","protected":false},"author":1,"featured_media":39524,"comment_status":"open","ping_status":"open","sticky":false,"template":"","format":"standard","meta":{"footnotes":""},"categories":[7],"tags":[],"class_list":["post-39523","post","type-post","status-publish","format-standard","has-post-thumbnail","hentry","category-nacionales"],"_links":{"self":[{"href":"https:\/\/defrentealaverdad.com\/index.php\/wp-json\/wp\/v2\/posts\/39523","targetHints":{"allow":["GET"]}}],"collection":[{"href":"https:\/\/defrentealaverdad.com\/index.php\/wp-json\/wp\/v2\/posts"}],"about":[{"href":"https:\/\/defrentealaverdad.com\/index.php\/wp-json\/wp\/v2\/types\/post"}],"author":[{"embeddable":true,"href":"https:\/\/defrentealaverdad.com\/index.php\/wp-json\/wp\/v2\/users\/1"}],"replies":[{"embeddable":true,"href":"https:\/\/defrentealaverdad.com\/index.php\/wp-json\/wp\/v2\/comments?post=39523"}],"version-history":[{"count":1,"href":"https:\/\/defrentealaverdad.com\/index.php\/wp-json\/wp\/v2\/posts\/39523\/revisions"}],"predecessor-version":[{"id":39525,"href":"https:\/\/defrentealaverdad.com\/index.php\/wp-json\/wp\/v2\/posts\/39523\/revisions\/39525"}],"wp:featuredmedia":[{"embeddable":true,"href":"https:\/\/defrentealaverdad.com\/index.php\/wp-json\/wp\/v2\/media\/39524"}],"wp:attachment":[{"href":"https:\/\/defrentealaverdad.com\/index.php\/wp-json\/wp\/v2\/media?parent=39523"}],"wp:term":[{"taxonomy":"category","embeddable":true,"href":"https:\/\/defrentealaverdad.com\/index.php\/wp-json\/wp\/v2\/categories?post=39523"},{"taxonomy":"post_tag","embeddable":true,"href":"https:\/\/defrentealaverdad.com\/index.php\/wp-json\/wp\/v2\/tags?post=39523"}],"curies":[{"name":"wp","href":"https:\/\/api.w.org\/{rel}","templated":true}]}}