{"id":39520,"date":"2025-02-15T22:47:16","date_gmt":"2025-02-15T22:47:16","guid":{"rendered":"https:\/\/defrentealaverdad.com\/?p=39520"},"modified":"2025-02-15T22:47:35","modified_gmt":"2025-02-15T22:47:35","slug":"eres-malo-el-nuevo-sencillo-de-la-acordeonista-rubali-valerio","status":"publish","type":"post","link":"https:\/\/defrentealaverdad.com\/index.php\/2025\/02\/15\/eres-malo-el-nuevo-sencillo-de-la-acordeonista-rubali-valerio\/","title":{"rendered":"\u201cEres Malo\u201d el nuevo sencillo de la acordeonista Rubal\u00ed Valerio"},"content":{"rendered":"<p style=\"text-align: justify;\"><strong>Santo<\/strong> <strong>Domingo<\/strong>, <strong>Rep. Dom.<\/strong> La talentosa artista y acordeonista Rubal\u00ed Valerio, conocida como \u00abEl Rub\u00ed del Acorde\u00f3n\u00bb, presenta su m\u00e1s reciente sencillo titulado \u00abEres Malo\u00bb, composici\u00f3n de Alex Rodr\u00edguez. El nuevo material musical est\u00e1 disponible en todas las plataformas digitales de m\u00fasica.<\/p>\n<p style=\"text-align: justify;\">Este contagioso tema de merengue t\u00edpico cuenta con un video musical dirigido por FA Films, rodado en varias locaciones de la ciudad de Santiago de los Caballeros, el cual ya ha alcanzado m\u00e1s de 200,000 visitas en YouTube en los primeros d\u00edas de su lanzamiento. Est\u00e1 disponible en todas las plataformas digitales musicales: @rubalivalerio, Spotify, Apple Music, Amazon Music y Shazam.<\/p>\n<p style=\"text-align: justify;\">Los arreglos musicales de <em>\u00abEres Malo\u00bb<\/em> pertenecen al maestro Ra\u00fal Rom\u00e1n, quien ha escrito temas para Silvio Mora, Pe\u00f1a Suazo y otros artistas dominicanos. De igual forma, particip\u00f3 en los arreglos el percusionista Georgi Cruz, y fue producido por F\u00e9lix Anthony Studio.<\/p>\n<p style=\"text-align: justify;\">La joven acordeonista e int\u00e9rprete de m\u00fasica t\u00edpica se est\u00e1 destacando en el trayecto de su carrera como artista; fue invitada a acompa\u00f1ar a \u201cel Prodigio\u201d en su pasado concierto en United Palace de la ciudad de Nueva York. Tambi\u00e9n prepara colaboraciones con grandes leyendas del merengue t\u00edpico y estar\u00e1 participando en Cuba en una actividad cultural representando a la Rep\u00fablica Dominicana.<\/p>\n<p style=\"text-align: justify;\">Rubal\u00ed Valerio, hija del reconocido acordeonista y maestro Zen\u00f3n Valerio Recio, tambi\u00e9n conocido como Lupe Valerio, ha sabido capturar la esencia del merengue tradicional dominicano con su inconfundible estilo y talento, haciendo honor a lo aprendido de su padre y gu\u00eda principal en el acorde\u00f3n.<\/p>\n<p style=\"text-align: justify;\">La artista invita a todo su p\u00fablico a disfrutar de este nuevo sencillo y seguir la carrera musical de Rubal\u00ed Valerio, una artista que sigue ganando el cari\u00f1o y respeto del p\u00fablico que sigue la m\u00fasica aut\u00f3ctona de la Rep\u00fablica Dominicana: el merengue t\u00edpico.<\/p>\n<p>Fuente: Equipo Rubal\u00ed Valerio<\/p>\n","protected":false},"excerpt":{"rendered":"<p>Santo Domingo, Rep. Dom. La talentosa artista y acordeonista Rubal\u00ed Valerio, conocida como \u00abEl Rub\u00ed<\/p>\n","protected":false},"author":1,"featured_media":39506,"comment_status":"open","ping_status":"open","sticky":false,"template":"","format":"standard","meta":{"footnotes":""},"categories":[249],"tags":[],"class_list":["post-39520","post","type-post","status-publish","format-standard","has-post-thumbnail","hentry","category-farandula"],"_links":{"self":[{"href":"https:\/\/defrentealaverdad.com\/index.php\/wp-json\/wp\/v2\/posts\/39520","targetHints":{"allow":["GET"]}}],"collection":[{"href":"https:\/\/defrentealaverdad.com\/index.php\/wp-json\/wp\/v2\/posts"}],"about":[{"href":"https:\/\/defrentealaverdad.com\/index.php\/wp-json\/wp\/v2\/types\/post"}],"author":[{"embeddable":true,"href":"https:\/\/defrentealaverdad.com\/index.php\/wp-json\/wp\/v2\/users\/1"}],"replies":[{"embeddable":true,"href":"https:\/\/defrentealaverdad.com\/index.php\/wp-json\/wp\/v2\/comments?post=39520"}],"version-history":[{"count":2,"href":"https:\/\/defrentealaverdad.com\/index.php\/wp-json\/wp\/v2\/posts\/39520\/revisions"}],"predecessor-version":[{"id":39522,"href":"https:\/\/defrentealaverdad.com\/index.php\/wp-json\/wp\/v2\/posts\/39520\/revisions\/39522"}],"wp:featuredmedia":[{"embeddable":true,"href":"https:\/\/defrentealaverdad.com\/index.php\/wp-json\/wp\/v2\/media\/39506"}],"wp:attachment":[{"href":"https:\/\/defrentealaverdad.com\/index.php\/wp-json\/wp\/v2\/media?parent=39520"}],"wp:term":[{"taxonomy":"category","embeddable":true,"href":"https:\/\/defrentealaverdad.com\/index.php\/wp-json\/wp\/v2\/categories?post=39520"},{"taxonomy":"post_tag","embeddable":true,"href":"https:\/\/defrentealaverdad.com\/index.php\/wp-json\/wp\/v2\/tags?post=39520"}],"curies":[{"name":"wp","href":"https:\/\/api.w.org\/{rel}","templated":true}]}}