{"id":39474,"date":"2025-02-15T21:57:09","date_gmt":"2025-02-15T21:57:09","guid":{"rendered":"https:\/\/defrentealaverdad.com\/?p=39474"},"modified":"2025-02-15T21:57:09","modified_gmt":"2025-02-15T21:57:09","slug":"ministro-de-trabajo-recibe-visita-del-presidente-del-senado-ricardo-de-los-santos","status":"publish","type":"post","link":"https:\/\/defrentealaverdad.com\/index.php\/2025\/02\/15\/ministro-de-trabajo-recibe-visita-del-presidente-del-senado-ricardo-de-los-santos\/","title":{"rendered":"Ministro de Trabajo recibe visita del presidente del Senado, Ricardo De los Santos"},"content":{"rendered":"<blockquote>\n<p style=\"text-align: justify;\">Durante el encuentro, Eddy Olivares Ortega, afirm\u00f3 que el tema de la Cesant\u00eda no ser\u00e1 obst\u00e1culo para aprobar reforma laboral, en tanto que, De los Santos, dio garant\u00eda de que la ley ser\u00e1 aprobada en un tiempo razonable.<\/p>\n<\/blockquote>\n<p style=\"text-align: justify;\"><strong>Santo Domingo. <\/strong>El ministro de Trabajo, Eddy Olivares Ortega, recibi\u00f3 este viernes, en ocasi\u00f3n de su designaci\u00f3n, visita de cortes\u00eda del presidente del Senado, Ricardo De los Santos, en un encuentro en el que abordaron temas de inter\u00e9s nacional y sobre las reformas que reposan en ese hemiciclo.<\/p>\n<p style=\"text-align: justify;\">En la reuni\u00f3n, el ministro de Trabajo afirm\u00f3 que la cesant\u00eda no ser\u00e1 obst\u00e1culo para que la reforma laboral sea aprobada, mientras que De los Santos garantiz\u00f3 que la modificaci\u00f3n del C\u00f3digo de Trabajo con el proyecto de ley de modernizaci\u00f3n, ser\u00e1 aprobada en un tiempo razonable.<\/p>\n<p style=\"text-align: justify;\">Olivares asegur\u00f3 que el Congreso Nacional tiene una visi\u00f3n muy clara sobre cu\u00e1l debe ser su rol, en un tiempo en el que se hace necesario realizar reformas de gran importancia y en el cual el presidente de la Rep\u00fablica, Luis Abinader, ha impulsado grandes transformaciones a las leyes para el fortalecimiento de la institucionalidad democr\u00e1tica.<\/p>\n<blockquote>\n<p style=\"text-align: justify;\">\u201cEste pa\u00eds ha sido ejemplo de soluciones consensuadas y dudo que en toda Am\u00e9rica Latina haya un pa\u00eds que tenga la madurez, tanto del empresariado como del sector sindical, como existe en Rep\u00fablica Dominicana\u201d, expres\u00f3 el ministro.<\/p>\n<\/blockquote>\n<p style=\"text-align: justify;\">El presidente del Senado, Ricardo De los Santos, afirm\u00f3 que desde el Congreso Nacional, <em>\u00abla intenci\u00f3n es dar a la Rep\u00fablica Dominicana un c\u00f3digo laboral totalmente moderno en el que todas las partes salgan ganando, ll\u00e1mese el sector laboral como el empresarial, en el menor tiempo posible\u00bb.<\/em><\/p>\n<p>&nbsp;<\/p>\n<p>Fuente:Dir. Com.\u00a0Ministerio de Trabajo<\/p>\n","protected":false},"excerpt":{"rendered":"<p>Durante el encuentro, Eddy Olivares Ortega, afirm\u00f3 que el tema de la Cesant\u00eda no ser\u00e1<\/p>\n","protected":false},"author":4,"featured_media":39475,"comment_status":"open","ping_status":"open","sticky":false,"template":"","format":"standard","meta":{"footnotes":""},"categories":[7],"tags":[],"class_list":["post-39474","post","type-post","status-publish","format-standard","has-post-thumbnail","hentry","category-nacionales"],"_links":{"self":[{"href":"https:\/\/defrentealaverdad.com\/index.php\/wp-json\/wp\/v2\/posts\/39474","targetHints":{"allow":["GET"]}}],"collection":[{"href":"https:\/\/defrentealaverdad.com\/index.php\/wp-json\/wp\/v2\/posts"}],"about":[{"href":"https:\/\/defrentealaverdad.com\/index.php\/wp-json\/wp\/v2\/types\/post"}],"author":[{"embeddable":true,"href":"https:\/\/defrentealaverdad.com\/index.php\/wp-json\/wp\/v2\/users\/4"}],"replies":[{"embeddable":true,"href":"https:\/\/defrentealaverdad.com\/index.php\/wp-json\/wp\/v2\/comments?post=39474"}],"version-history":[{"count":1,"href":"https:\/\/defrentealaverdad.com\/index.php\/wp-json\/wp\/v2\/posts\/39474\/revisions"}],"predecessor-version":[{"id":39476,"href":"https:\/\/defrentealaverdad.com\/index.php\/wp-json\/wp\/v2\/posts\/39474\/revisions\/39476"}],"wp:featuredmedia":[{"embeddable":true,"href":"https:\/\/defrentealaverdad.com\/index.php\/wp-json\/wp\/v2\/media\/39475"}],"wp:attachment":[{"href":"https:\/\/defrentealaverdad.com\/index.php\/wp-json\/wp\/v2\/media?parent=39474"}],"wp:term":[{"taxonomy":"category","embeddable":true,"href":"https:\/\/defrentealaverdad.com\/index.php\/wp-json\/wp\/v2\/categories?post=39474"},{"taxonomy":"post_tag","embeddable":true,"href":"https:\/\/defrentealaverdad.com\/index.php\/wp-json\/wp\/v2\/tags?post=39474"}],"curies":[{"name":"wp","href":"https:\/\/api.w.org\/{rel}","templated":true}]}}