{"id":39471,"date":"2025-02-15T21:53:58","date_gmt":"2025-02-15T21:53:58","guid":{"rendered":"https:\/\/defrentealaverdad.com\/?p=39471"},"modified":"2025-02-15T21:53:58","modified_gmt":"2025-02-15T21:53:58","slug":"entregan-amplia-cancha-deportiva-en-el-sector-camba-san-cristobal","status":"publish","type":"post","link":"https:\/\/defrentealaverdad.com\/index.php\/2025\/02\/15\/entregan-amplia-cancha-deportiva-en-el-sector-camba-san-cristobal\/","title":{"rendered":"Entregan amplia cancha deportiva en el sector Camba, San Crist\u00f3bal"},"content":{"rendered":"<p style=\"text-align: justify;\">El Gobierno del presidente Luis Abinader sigue demostrando su compromiso con la gente, entregando una obra esperada por m\u00e1s de 25 a\u00f1os.<\/p>\n<p style=\"text-align: justify;\">Fue entregada una cancha mixta de baloncesto y voleibol, en el sector Camba, en la frontera de Do\u00f1a Ana y San Crist\u00f3bal, un espacio para el deporte, la recreaci\u00f3n y la uni\u00f3n comunitaria.<\/p>\n<p style=\"text-align: justify;\">El acto fue encabezado por \u00c1ngel De la Cruz, Presidente de la Comisi\u00f3n Presidencial de Desarrollo Provincial, y cont\u00f3 con la presencia de Pura Casilla, Gobernadora de San Crist\u00f3bal, y Rafael Salazar, Director de la EGEHID.<\/p>\n<p style=\"text-align: justify;\">Fuente: Comisi\u00f3n Presidencial de Desarrollo Provincial<\/p>\n","protected":false},"excerpt":{"rendered":"<p>El Gobierno del presidente Luis Abinader sigue demostrando su compromiso con la gente, entregando una<\/p>\n","protected":false},"author":4,"featured_media":39472,"comment_status":"open","ping_status":"open","sticky":false,"template":"","format":"standard","meta":{"footnotes":""},"categories":[7],"tags":[],"class_list":["post-39471","post","type-post","status-publish","format-standard","has-post-thumbnail","hentry","category-nacionales"],"_links":{"self":[{"href":"https:\/\/defrentealaverdad.com\/index.php\/wp-json\/wp\/v2\/posts\/39471","targetHints":{"allow":["GET"]}}],"collection":[{"href":"https:\/\/defrentealaverdad.com\/index.php\/wp-json\/wp\/v2\/posts"}],"about":[{"href":"https:\/\/defrentealaverdad.com\/index.php\/wp-json\/wp\/v2\/types\/post"}],"author":[{"embeddable":true,"href":"https:\/\/defrentealaverdad.com\/index.php\/wp-json\/wp\/v2\/users\/4"}],"replies":[{"embeddable":true,"href":"https:\/\/defrentealaverdad.com\/index.php\/wp-json\/wp\/v2\/comments?post=39471"}],"version-history":[{"count":1,"href":"https:\/\/defrentealaverdad.com\/index.php\/wp-json\/wp\/v2\/posts\/39471\/revisions"}],"predecessor-version":[{"id":39473,"href":"https:\/\/defrentealaverdad.com\/index.php\/wp-json\/wp\/v2\/posts\/39471\/revisions\/39473"}],"wp:featuredmedia":[{"embeddable":true,"href":"https:\/\/defrentealaverdad.com\/index.php\/wp-json\/wp\/v2\/media\/39472"}],"wp:attachment":[{"href":"https:\/\/defrentealaverdad.com\/index.php\/wp-json\/wp\/v2\/media?parent=39471"}],"wp:term":[{"taxonomy":"category","embeddable":true,"href":"https:\/\/defrentealaverdad.com\/index.php\/wp-json\/wp\/v2\/categories?post=39471"},{"taxonomy":"post_tag","embeddable":true,"href":"https:\/\/defrentealaverdad.com\/index.php\/wp-json\/wp\/v2\/tags?post=39471"}],"curies":[{"name":"wp","href":"https:\/\/api.w.org\/{rel}","templated":true}]}}