{"id":3943,"date":"2023-03-16T16:31:21","date_gmt":"2023-03-16T16:31:21","guid":{"rendered":"https:\/\/defrentealaverdad.com\/?p=3943"},"modified":"2023-03-16T16:31:32","modified_gmt":"2023-03-16T16:31:32","slug":"congresistas-de-eu-reconocen-derecho-de-rd-a-protegerse-y-determinar-su-politica-migratoria","status":"publish","type":"post","link":"https:\/\/defrentealaverdad.com\/index.php\/2023\/03\/16\/congresistas-de-eu-reconocen-derecho-de-rd-a-protegerse-y-determinar-su-politica-migratoria\/","title":{"rendered":"Congresistas de EU Reconocen Derecho de RD a Protegerse y Determinar Su Politica Migratoria."},"content":{"rendered":"<p>Por Felix Rubio<\/p>\n<p><img decoding=\"async\" class=\"alignnone size-medium wp-image-3944 lazyload\" data-src=\"https:\/\/defrentealaverdad.com\/wp-content\/uploads\/2023\/03\/WhatsApp-Image-2023-03-16-at-12.27.08-300x200.jpeg\" alt=\"\" width=\"300\" height=\"200\" data-srcset=\"https:\/\/defrentealaverdad.com\/wp-content\/uploads\/2023\/03\/WhatsApp-Image-2023-03-16-at-12.27.08-300x200.jpeg 300w, https:\/\/defrentealaverdad.com\/wp-content\/uploads\/2023\/03\/WhatsApp-Image-2023-03-16-at-12.27.08-1024x682.jpeg 1024w, https:\/\/defrentealaverdad.com\/wp-content\/uploads\/2023\/03\/WhatsApp-Image-2023-03-16-at-12.27.08-768x512.jpeg 768w, https:\/\/defrentealaverdad.com\/wp-content\/uploads\/2023\/03\/WhatsApp-Image-2023-03-16-at-12.27.08-1536x1023.jpeg 1536w, https:\/\/defrentealaverdad.com\/wp-content\/uploads\/2023\/03\/WhatsApp-Image-2023-03-16-at-12.27.08.jpeg 1600w\" data-sizes=\"(max-width: 300px) 100vw, 300px\" src=\"data:image\/svg+xml;base64,PHN2ZyB3aWR0aD0iMSIgaGVpZ2h0PSIxIiB4bWxucz0iaHR0cDovL3d3dy53My5vcmcvMjAwMC9zdmciPjwvc3ZnPg==\" style=\"--smush-placeholder-width: 300px; --smush-placeholder-aspect-ratio: 300\/200;\" \/><\/p>\n<p style=\"text-align: justify;\">Una comisi\u00f3n de congresistas Estadounidenses, encabezada por Mario D\u00edaz-Balart, sostuvo la tarde de este mi\u00e9rcoles una reuni\u00f3n con el presidente de la Rep\u00fablica Luis Abinader con quien abordaron diversos aspectos de las relaciones bilaterales entre ambos pa\u00edses.<br \/>\nAl ser abordado por la prensa y cuestionado sobre lo tratado en dicho en encuentro, el congresista D\u00edaz Balart dijo que \u00e9l y sus acompa\u00f1antes hab\u00edan sostenido una reuni\u00f3n muy positiva con el presidente Abinader.<\/p>\n<p style=\"text-align: justify;\"><em>\u201cEsta es una comisi\u00f3n bipartidista del Comit\u00e9 de Asignaci\u00f3n de Presupuesto de los Estados Unidos en la C\u00e1mara de Representantes y tuvimos una reuni\u00f3n muy positiva con el presidente y sus ministros\u201d,<\/em> recalc\u00f3.<br \/>\nDijo que lo primero era reconocer la importancia de la relaci\u00f3n muy especial entre la Rep\u00fablica Dominicana y los Estados Unidos.<\/p>\n<p style=\"text-align: justify;\"><em>\u201cY n\u00famero dos, reconocemos que la Rep\u00fablica Dominicana tiene el derecho y obligaci\u00f3n de proteger su pa\u00eds y determinar cu\u00e1l es la pol\u00edtica Migratoria u otro tipo de pol\u00edtica de Estado\u201d.<\/em><\/p>\n<p style=\"text-align: justify;\">Dijo que el grupo de legislados de Estados Unidos estaba aqu\u00ed para agradecerle al presidente Abinader su labor y liderazgo que ha sido notado no solamente en el hemisferio, sino tambi\u00e9n dentro de los pasillos del Capitolio de los Estados Unidos.<\/p>\n<p style=\"text-align: justify;\"><em>\u201cReconocemos el liderazgo del presidente y reconocemos lo que ha logrado y lo que va a seguir logrando\u201d,<\/em> puntualiz\u00f3.<\/p>\n<p style=\"text-align: justify;\">D\u00edaz-Balart dijo que \u00e9l y sus compa\u00f1eros hab\u00edan escachado los temas de importancia del presidente y sus ministros, y ahora regresamos a Estados Unidos con la tarea de seguir haciendo todo lo posible para estrechar a\u00fan m\u00e1s la relaci\u00f3n entre RD y Estados Unidos.<\/p>\n<p style=\"text-align: justify;\">Dijo que esa relaci\u00f3n nunca hab\u00eda sido m\u00e1s importante y positiva como ahora.<\/p>\n<p style=\"text-align: justify;\"><em>\u201cTenemos algunas cosas que seguir avanzando y mejorando, con el liderazgo del presidente Abinader, para lograr a\u00fan m\u00e1s, estrechar esos lazos\u00bb.<\/em> Adem\u00e1s de D\u00edaz-Balart estuvieron presente Erin Kolodjesky, Sud\u00e1n Adams Ryan Peseckas, Michael Quigley, Guy Reschenthaler y el se\u00f1or Roger Noriega.<\/p>\n<p style=\"text-align: justify;\">El presidente Abinader estuvo acompa\u00f1ado por los ministros, Roberto \u00c1lvarez, de Relaciones Exteriores y Joel Santos de la Presidencia.<\/p>\n<p style=\"text-align: justify;\">\n<p>Fuente: Externa<\/p>\n","protected":false},"excerpt":{"rendered":"<p>Por Felix Rubio Una comisi\u00f3n de congresistas Estadounidenses, encabezada por Mario D\u00edaz-Balart, sostuvo la tarde<\/p>\n","protected":false},"author":1,"featured_media":0,"comment_status":"open","ping_status":"open","sticky":false,"template":"","format":"standard","meta":{"footnotes":""},"categories":[16],"tags":[],"class_list":["post-3943","post","type-post","status-publish","format-standard","hentry","category-internacionales"],"_links":{"self":[{"href":"https:\/\/defrentealaverdad.com\/index.php\/wp-json\/wp\/v2\/posts\/3943","targetHints":{"allow":["GET"]}}],"collection":[{"href":"https:\/\/defrentealaverdad.com\/index.php\/wp-json\/wp\/v2\/posts"}],"about":[{"href":"https:\/\/defrentealaverdad.com\/index.php\/wp-json\/wp\/v2\/types\/post"}],"author":[{"embeddable":true,"href":"https:\/\/defrentealaverdad.com\/index.php\/wp-json\/wp\/v2\/users\/1"}],"replies":[{"embeddable":true,"href":"https:\/\/defrentealaverdad.com\/index.php\/wp-json\/wp\/v2\/comments?post=3943"}],"version-history":[{"count":2,"href":"https:\/\/defrentealaverdad.com\/index.php\/wp-json\/wp\/v2\/posts\/3943\/revisions"}],"predecessor-version":[{"id":3946,"href":"https:\/\/defrentealaverdad.com\/index.php\/wp-json\/wp\/v2\/posts\/3943\/revisions\/3946"}],"wp:attachment":[{"href":"https:\/\/defrentealaverdad.com\/index.php\/wp-json\/wp\/v2\/media?parent=3943"}],"wp:term":[{"taxonomy":"category","embeddable":true,"href":"https:\/\/defrentealaverdad.com\/index.php\/wp-json\/wp\/v2\/categories?post=3943"},{"taxonomy":"post_tag","embeddable":true,"href":"https:\/\/defrentealaverdad.com\/index.php\/wp-json\/wp\/v2\/tags?post=3943"}],"curies":[{"name":"wp","href":"https:\/\/api.w.org\/{rel}","templated":true}]}}