{"id":39380,"date":"2025-02-13T20:06:14","date_gmt":"2025-02-13T20:06:14","guid":{"rendered":"https:\/\/defrentealaverdad.com\/?p=39380"},"modified":"2025-02-14T20:07:10","modified_gmt":"2025-02-14T20:07:10","slug":"alcaldia-de-santiago-entrega-segunda-partida-de-recursos-a-grupos-de-lechones-para-el-carnaval-2025","status":"publish","type":"post","link":"https:\/\/defrentealaverdad.com\/index.php\/2025\/02\/13\/alcaldia-de-santiago-entrega-segunda-partida-de-recursos-a-grupos-de-lechones-para-el-carnaval-2025\/","title":{"rendered":"Alcald\u00eda de Santiago entrega segunda partida de recursos a grupos de lechones para el Carnaval 2025"},"content":{"rendered":"<p style=\"text-align: justify;\"><strong>Santiago de los Caballeros,<\/strong>\u00a0 febrero de 2025 \u2013 La Alcald\u00eda de Santiago entreg\u00f3 este jueves la segunda partida de los fondos destinados a los grupos de lechones que participan en el Carnaval de Santiago 2025, reafirmando su compromiso con la cultura y las tradiciones del municipio.<\/p>\n<p style=\"text-align: justify;\">Por primera vez, el gobierno local ha asumido la contribuci\u00f3n mediante fondos fijos y aportes directos a los grupos carnavalescos, garantizando as\u00ed su participaci\u00f3n y fortaleciendo la esencia del carnaval. La primera entrega de recursos se realiz\u00f3 hace unas semanas, la segunda se concret\u00f3 hoy, y la tercera y \u00faltima se efectuar\u00e1 el pr\u00f3ximo 22 de febrero.<\/p>\n<p style=\"text-align: justify;\">El alcalde Ulises Rodr\u00edguez destac\u00f3 la importancia de esta iniciativa y el respaldo del Ayuntamiento a la celebraci\u00f3n m\u00e1s representativa de la identidad santiaguera.<\/p>\n<p style=\"text-align: justify;\">\u201cEl Carnaval de Santiago es parte fundamental de nuestra cultura y nuestra historia. Con esta medida, aseguramos que los grupos de lechones, que son el alma de esta festividad, cuenten con el apoyo necesario para seguir enalteciendo nuestras tradiciones. Desde la Alcald\u00eda estamos comprometidos con el arte, la creatividad y el desarrollo de nuestro carnaval, que cada a\u00f1o nos llena de orgullo\u201d, expres\u00f3 Rodr\u00edguez.<\/p>\n<p style=\"text-align: justify;\">Con esta acci\u00f3n, la Alcald\u00eda de Santiago reafirma su apuesta por el fortalecimiento del carnaval, impulsando la participaci\u00f3n de los grupos y promoviendo la preservaci\u00f3n de una de las expresiones culturales m\u00e1s emblem\u00e1ticas del pa\u00eds.<\/p>\n<p>Fuente: Prensa Alcald\u00eda de Santiago<\/p>\n","protected":false},"excerpt":{"rendered":"<p>Santiago de los Caballeros,\u00a0 febrero de 2025 \u2013 La Alcald\u00eda de Santiago entreg\u00f3 este jueves<\/p>\n","protected":false},"author":1,"featured_media":39381,"comment_status":"open","ping_status":"open","sticky":false,"template":"","format":"standard","meta":{"footnotes":""},"categories":[245],"tags":[],"class_list":["post-39380","post","type-post","status-publish","format-standard","has-post-thumbnail","hentry","category-cultura"],"_links":{"self":[{"href":"https:\/\/defrentealaverdad.com\/index.php\/wp-json\/wp\/v2\/posts\/39380","targetHints":{"allow":["GET"]}}],"collection":[{"href":"https:\/\/defrentealaverdad.com\/index.php\/wp-json\/wp\/v2\/posts"}],"about":[{"href":"https:\/\/defrentealaverdad.com\/index.php\/wp-json\/wp\/v2\/types\/post"}],"author":[{"embeddable":true,"href":"https:\/\/defrentealaverdad.com\/index.php\/wp-json\/wp\/v2\/users\/1"}],"replies":[{"embeddable":true,"href":"https:\/\/defrentealaverdad.com\/index.php\/wp-json\/wp\/v2\/comments?post=39380"}],"version-history":[{"count":2,"href":"https:\/\/defrentealaverdad.com\/index.php\/wp-json\/wp\/v2\/posts\/39380\/revisions"}],"predecessor-version":[{"id":39383,"href":"https:\/\/defrentealaverdad.com\/index.php\/wp-json\/wp\/v2\/posts\/39380\/revisions\/39383"}],"wp:featuredmedia":[{"embeddable":true,"href":"https:\/\/defrentealaverdad.com\/index.php\/wp-json\/wp\/v2\/media\/39381"}],"wp:attachment":[{"href":"https:\/\/defrentealaverdad.com\/index.php\/wp-json\/wp\/v2\/media?parent=39380"}],"wp:term":[{"taxonomy":"category","embeddable":true,"href":"https:\/\/defrentealaverdad.com\/index.php\/wp-json\/wp\/v2\/categories?post=39380"},{"taxonomy":"post_tag","embeddable":true,"href":"https:\/\/defrentealaverdad.com\/index.php\/wp-json\/wp\/v2\/tags?post=39380"}],"curies":[{"name":"wp","href":"https:\/\/api.w.org\/{rel}","templated":true}]}}