{"id":39351,"date":"2025-02-13T14:28:53","date_gmt":"2025-02-13T14:28:53","guid":{"rendered":"https:\/\/defrentealaverdad.com\/?p=39351"},"modified":"2025-02-14T02:30:57","modified_gmt":"2025-02-14T02:30:57","slug":"ministerio-de-defensa-beneficia-a-retirados-con-tasas-preferenciales-de-prestamos-a-traves-de-la-junta-de-retiro-y-banreservas","status":"publish","type":"post","link":"https:\/\/defrentealaverdad.com\/index.php\/2025\/02\/13\/ministerio-de-defensa-beneficia-a-retirados-con-tasas-preferenciales-de-prestamos-a-traves-de-la-junta-de-retiro-y-banreservas\/","title":{"rendered":"Ministerio de Defensa beneficia a retirados con tasas preferenciales de pr\u00e9stamos a trav\u00e9s de la Junta de Retiro y Banreservas"},"content":{"rendered":"<p style=\"text-align: justify;\">Por Felix Rubio<\/p>\n<p style=\"text-align: justify;\">El Ministerio de Defensa (MIDE) a trav\u00e9s de la Junta de Retiro y Fondos de Pensiones de las Fuerzas Armadas (JRFPFFAA), y en alianza con el Banco de Reservas de la Rep\u00fablica Dominicana (Banreservas), ha logrado grandes resultados al canalizar pr\u00e9stamos a trav\u00e9s de la oficina de gesti\u00f3n de cr\u00e9dito con tasas preferenciales que benefician a miles de nuestros pensionados y sus familiares.<\/p>\n<p style=\"text-align: justify;\">Desde el mes de agosto del a\u00f1o 2024 y hasta la fecha, el Banco de Reservas ha desembolsado en este sentido un monto total de RD$261,488,920.00, cifra que seguir\u00e1 en aumento durante en los pr\u00f3ximos meses, gracias al servicio continuo del Departamento de Gesti\u00f3n de Cr\u00e9dito de la JRFPFFAA.<\/p>\n<p style=\"text-align: justify;\">La alianza con el Banco de Reservas ha permitido que nuestros pensionados accedan a condiciones de cr\u00e9dito ventajosas, facilitando su acceso a recursos que contribuyen a mejorar su calidad de vida e impulsar su desarrollo econ\u00f3mico, sirviendo la Junta de Retiro como garante de cada uno de los beneficiarios.<\/p>\n<p style=\"text-align: justify;\">El general de brigada Pablo Roberto Jim\u00e9nez S\u00e1nchez, ERD., presidente de la JRFPFFAA dijo que por instrucciones del teniente general Carlos Antonio Fern\u00e1ndez Onofre, ERD., Ministro de Defensa, seguir\u00e1n trabajando para incrementar las soluciones financieras que respondan a las necesidades de los retirados militares.<\/p>\n<p style=\"text-align: justify;\">El esfuerzo conjunto y la visi\u00f3n proactiva de la JRFPFFAA se traducen en un beneficio real y palpable para quienes han servido con honor, garantizando que cada pr\u00e9stamo se convierta en una herramienta de seguridad y progreso.<\/p>\n<p>Fuente: Prensa JRFPFFAA<\/p>\n","protected":false},"excerpt":{"rendered":"<p>Por Felix Rubio El Ministerio de Defensa (MIDE) a trav\u00e9s de la Junta de Retiro<\/p>\n","protected":false},"author":1,"featured_media":39343,"comment_status":"open","ping_status":"open","sticky":false,"template":"","format":"standard","meta":{"footnotes":""},"categories":[7],"tags":[],"class_list":["post-39351","post","type-post","status-publish","format-standard","has-post-thumbnail","hentry","category-nacionales"],"_links":{"self":[{"href":"https:\/\/defrentealaverdad.com\/index.php\/wp-json\/wp\/v2\/posts\/39351","targetHints":{"allow":["GET"]}}],"collection":[{"href":"https:\/\/defrentealaverdad.com\/index.php\/wp-json\/wp\/v2\/posts"}],"about":[{"href":"https:\/\/defrentealaverdad.com\/index.php\/wp-json\/wp\/v2\/types\/post"}],"author":[{"embeddable":true,"href":"https:\/\/defrentealaverdad.com\/index.php\/wp-json\/wp\/v2\/users\/1"}],"replies":[{"embeddable":true,"href":"https:\/\/defrentealaverdad.com\/index.php\/wp-json\/wp\/v2\/comments?post=39351"}],"version-history":[{"count":1,"href":"https:\/\/defrentealaverdad.com\/index.php\/wp-json\/wp\/v2\/posts\/39351\/revisions"}],"predecessor-version":[{"id":39352,"href":"https:\/\/defrentealaverdad.com\/index.php\/wp-json\/wp\/v2\/posts\/39351\/revisions\/39352"}],"wp:featuredmedia":[{"embeddable":true,"href":"https:\/\/defrentealaverdad.com\/index.php\/wp-json\/wp\/v2\/media\/39343"}],"wp:attachment":[{"href":"https:\/\/defrentealaverdad.com\/index.php\/wp-json\/wp\/v2\/media?parent=39351"}],"wp:term":[{"taxonomy":"category","embeddable":true,"href":"https:\/\/defrentealaverdad.com\/index.php\/wp-json\/wp\/v2\/categories?post=39351"},{"taxonomy":"post_tag","embeddable":true,"href":"https:\/\/defrentealaverdad.com\/index.php\/wp-json\/wp\/v2\/tags?post=39351"}],"curies":[{"name":"wp","href":"https:\/\/api.w.org\/{rel}","templated":true}]}}