{"id":39336,"date":"2025-02-13T02:15:13","date_gmt":"2025-02-13T02:15:13","guid":{"rendered":"https:\/\/defrentealaverdad.com\/?p=39336"},"modified":"2025-02-14T02:15:22","modified_gmt":"2025-02-14T02:15:22","slug":"ministerio-de-la-juventud-y-mision-permanente-ante-la-onu-firman-acuerdo-para-formar-jovenes-en-diplomacia","status":"publish","type":"post","link":"https:\/\/defrentealaverdad.com\/index.php\/2025\/02\/13\/ministerio-de-la-juventud-y-mision-permanente-ante-la-onu-firman-acuerdo-para-formar-jovenes-en-diplomacia\/","title":{"rendered":"Ministerio de la Juventud y Misi\u00f3n Permanente ante la ONU firman acuerdo para formar j\u00f3venes en diplomacia"},"content":{"rendered":"<p style=\"text-align: justify;\"><strong>Nueva York, EE. UU.<\/strong> \u2013 Como parte del compromiso de impulsar oportunidades de formaci\u00f3n para la juventud dominicana, el Ministerio de la Juventud y la Misi\u00f3n Permanente de la Rep\u00fablica Dominicana ante la Organizaci\u00f3n de las Naciones Unidas (ONU) firmaron un acuerdo de cooperaci\u00f3n para la implementaci\u00f3n del programa <em>\u00abDiplam\u00e1tico Junior\u00bb<\/em><\/p>\n<p style=\"text-align: justify;\">El convenio fue suscrito por el ministro de la Juventud, Carlos Valdez, y el embajador Jos\u00e9 Blanco Conde, representante de la Misi\u00f3n Permanente ante la ONU, en un acto celebrado en la ciudad de Nueva York. Tambi\u00e9n estuvieron presentes el senador por la provincia de San Crist\u00f3bal, Gustavo Lara, y el viceministro de Extensi\u00f3n Regional del Ministerio de la Juventud, Anyelo Ram\u00edrez, entre otras autoridades y representantes del \u00e1mbito diplom\u00e1tico y acad\u00e9mico.<\/p>\n<p style=\"text-align: justify;\">Este acuerdo permitir\u00e1 que j\u00f3venes dominicanos entre 15 y 18 a\u00f1os realicen una pasant\u00eda especializada en diplomacia, cooperaci\u00f3n internacional y liderazgo, desarrollando habilidades clave para su futuro. A trav\u00e9s de esta experiencia, podr\u00e1n conocer de cerca el trabajo diplom\u00e1tico y representar con orgullo a la Rep\u00fablica Dominicana en escenarios internacionales.<\/p>\n<p style=\"text-align: justify;\">La formaci\u00f3n en diplomacia y relaciones internacionales fortalecer\u00e1 su capacidad de representar a nuestro pa\u00eds en el escenario global. Este acuerdo abre una nueva puerta para que m\u00e1s j\u00f3venes exploren su potencial y se formen en un espacio donde la voz de nuestra generaci\u00f3n puede marcar la diferencia\u00bb, expres\u00f3 el ministro Carlos Valdez.<\/p>\n<p style=\"text-align: justify;\">El Ministerio de la Juventud asumir\u00e1 la cobertura de los gastos de viaje y estad\u00eda de los participantes, mientras que la Misi\u00f3n Permanente ante la ONU coordinar\u00e1 el contenido acad\u00e9mico, las actividades protocolares y las visitas oficiales.<\/p>\n<p style=\"text-align: justify;\">El embajador Jos\u00e9 Blanco Conde destac\u00f3 la importancia de este convenio, se\u00f1alando que el programa \u00abDiplom\u00e1tico Junior\u00bb contribuir\u00e1 a la formaci\u00f3n de una nueva generaci\u00f3n de l\u00edderes con visi\u00f3n internacional y compromiso con el desarrollo de la Rep\u00fablica Dominicana.<\/p>\n<p style=\"text-align: justify;\">Este acuerdo marca un paso significativo en la promoci\u00f3n de iniciativas que impulsan la participaci\u00f3n activa de la juventud en temas de diplomacia y cooperaci\u00f3n, asegurando que el talento joven dominicano tenga acceso a espacios de aprendizaje y desarrollo a nivel internacional.<\/p>\n<p>Fuente: Dir. Com. MJ<\/p>\n","protected":false},"excerpt":{"rendered":"<p>Nueva York, EE. UU. \u2013 Como parte del compromiso de impulsar oportunidades de formaci\u00f3n para<\/p>\n","protected":false},"author":4,"featured_media":39337,"comment_status":"open","ping_status":"open","sticky":false,"template":"","format":"standard","meta":{"footnotes":""},"categories":[16],"tags":[],"class_list":["post-39336","post","type-post","status-publish","format-standard","has-post-thumbnail","hentry","category-internacionales"],"_links":{"self":[{"href":"https:\/\/defrentealaverdad.com\/index.php\/wp-json\/wp\/v2\/posts\/39336","targetHints":{"allow":["GET"]}}],"collection":[{"href":"https:\/\/defrentealaverdad.com\/index.php\/wp-json\/wp\/v2\/posts"}],"about":[{"href":"https:\/\/defrentealaverdad.com\/index.php\/wp-json\/wp\/v2\/types\/post"}],"author":[{"embeddable":true,"href":"https:\/\/defrentealaverdad.com\/index.php\/wp-json\/wp\/v2\/users\/4"}],"replies":[{"embeddable":true,"href":"https:\/\/defrentealaverdad.com\/index.php\/wp-json\/wp\/v2\/comments?post=39336"}],"version-history":[{"count":1,"href":"https:\/\/defrentealaverdad.com\/index.php\/wp-json\/wp\/v2\/posts\/39336\/revisions"}],"predecessor-version":[{"id":39338,"href":"https:\/\/defrentealaverdad.com\/index.php\/wp-json\/wp\/v2\/posts\/39336\/revisions\/39338"}],"wp:featuredmedia":[{"embeddable":true,"href":"https:\/\/defrentealaverdad.com\/index.php\/wp-json\/wp\/v2\/media\/39337"}],"wp:attachment":[{"href":"https:\/\/defrentealaverdad.com\/index.php\/wp-json\/wp\/v2\/media?parent=39336"}],"wp:term":[{"taxonomy":"category","embeddable":true,"href":"https:\/\/defrentealaverdad.com\/index.php\/wp-json\/wp\/v2\/categories?post=39336"},{"taxonomy":"post_tag","embeddable":true,"href":"https:\/\/defrentealaverdad.com\/index.php\/wp-json\/wp\/v2\/tags?post=39336"}],"curies":[{"name":"wp","href":"https:\/\/api.w.org\/{rel}","templated":true}]}}