{"id":39327,"date":"2025-02-13T23:25:10","date_gmt":"2025-02-13T23:25:10","guid":{"rendered":"https:\/\/defrentealaverdad.com\/?p=39327"},"modified":"2025-02-13T23:25:10","modified_gmt":"2025-02-13T23:25:10","slug":"impartiran-certificacion-internacional-en-compras-y-contrataciones-publicas","status":"publish","type":"post","link":"https:\/\/defrentealaverdad.com\/index.php\/2025\/02\/13\/impartiran-certificacion-internacional-en-compras-y-contrataciones-publicas\/","title":{"rendered":"Impartir\u00e1n certificaci\u00f3n internacional en compras y contrataciones p\u00fablicas"},"content":{"rendered":"<p style=\"text-align: justify;\">La firma consultora Forlex Academy, impartir\u00e1 un curso especializado, con certificaci\u00f3n internacional en compras y contrataciones p\u00fablicas.<\/p>\n<p style=\"text-align: justify;\">En un video compartido en sus redes sociales, la directora de la firma, Stephany Rosario, destac\u00f3 que en este curso, en el que se aprender\u00e1 a realizar compras y contrataciones, ser\u00e1 certificado por la Escuela de Negocios N\u00famero 5 de Espa\u00f1a, Spain Business School. En el audiovisual explicaron de los que la especializaci\u00f3n estar\u00e1 divida en 5 m\u00f3dulos.<\/p>\n<blockquote>\n<p style=\"text-align: justify;\">\u201cEl primer m\u00f3dulo incluir\u00e1 todo lo que se ve saber de compras y contrataciones p\u00fablicas, la ley y su reglamento\u201d, dijo la especialista.<\/p>\n<\/blockquote>\n<p style=\"text-align: justify;\">Adem\u00e1s, en el segundo m\u00f3dulo los participantes aprender\u00e1n como convertirse en proveedores del estado y las herramientas que se utilizan para poder entrenarse mejor en los procesos de compras.<\/p>\n<blockquote>\n<p style=\"text-align: justify;\">\u201cEl tercer m\u00f3dulo, incluir\u00e1 cu\u00e1les son los tipos de procesos de compras y se explicar\u00e1 en los diferentes niveles, desde una compra menor, unq licitaci\u00f3n p\u00fablica, hasta el proceso de excepci\u00f3n\u201d.<\/p>\n<\/blockquote>\n<p style=\"text-align: justify;\">La l\u00edder de la firma consultora Forlex Academy, indic\u00f3 que dentro del cuarto m\u00f3dulo se establecer\u00e1 la documentaci\u00f3n b\u00e1sica que se necesita para proveerle al estado y las estrategias para armar una propuesta ganadora con \u00e9xito.<\/p>\n<blockquote>\n<p style=\"text-align: justify;\">\u201cLos recursos legales que puede presentar la empresa, para defender su oferta, como las impugnaciones, ser\u00e1n presentados en el \u00faltimo m\u00f3dulo\u201d, agregaron al detallar los m\u00f3dulos del curso especializado.<\/p>\n<\/blockquote>\n<p>Fuente: Forlex Academy<\/p>\n","protected":false},"excerpt":{"rendered":"<p>La firma consultora Forlex Academy, impartir\u00e1 un curso especializado, con certificaci\u00f3n internacional en compras y<\/p>\n","protected":false},"author":4,"featured_media":39328,"comment_status":"open","ping_status":"open","sticky":false,"template":"","format":"standard","meta":{"footnotes":""},"categories":[7],"tags":[],"class_list":["post-39327","post","type-post","status-publish","format-standard","has-post-thumbnail","hentry","category-nacionales"],"_links":{"self":[{"href":"https:\/\/defrentealaverdad.com\/index.php\/wp-json\/wp\/v2\/posts\/39327","targetHints":{"allow":["GET"]}}],"collection":[{"href":"https:\/\/defrentealaverdad.com\/index.php\/wp-json\/wp\/v2\/posts"}],"about":[{"href":"https:\/\/defrentealaverdad.com\/index.php\/wp-json\/wp\/v2\/types\/post"}],"author":[{"embeddable":true,"href":"https:\/\/defrentealaverdad.com\/index.php\/wp-json\/wp\/v2\/users\/4"}],"replies":[{"embeddable":true,"href":"https:\/\/defrentealaverdad.com\/index.php\/wp-json\/wp\/v2\/comments?post=39327"}],"version-history":[{"count":1,"href":"https:\/\/defrentealaverdad.com\/index.php\/wp-json\/wp\/v2\/posts\/39327\/revisions"}],"predecessor-version":[{"id":39329,"href":"https:\/\/defrentealaverdad.com\/index.php\/wp-json\/wp\/v2\/posts\/39327\/revisions\/39329"}],"wp:featuredmedia":[{"embeddable":true,"href":"https:\/\/defrentealaverdad.com\/index.php\/wp-json\/wp\/v2\/media\/39328"}],"wp:attachment":[{"href":"https:\/\/defrentealaverdad.com\/index.php\/wp-json\/wp\/v2\/media?parent=39327"}],"wp:term":[{"taxonomy":"category","embeddable":true,"href":"https:\/\/defrentealaverdad.com\/index.php\/wp-json\/wp\/v2\/categories?post=39327"},{"taxonomy":"post_tag","embeddable":true,"href":"https:\/\/defrentealaverdad.com\/index.php\/wp-json\/wp\/v2\/tags?post=39327"}],"curies":[{"name":"wp","href":"https:\/\/api.w.org\/{rel}","templated":true}]}}