{"id":39304,"date":"2025-02-13T17:06:31","date_gmt":"2025-02-13T17:06:31","guid":{"rendered":"https:\/\/defrentealaverdad.com\/?p=39304"},"modified":"2025-02-13T17:06:31","modified_gmt":"2025-02-13T17:06:31","slug":"la-armada-de-republica-dominicana-rinde-homenaje-a-los-padres-de-la-patria-en-el-altar-de-la-patria","status":"publish","type":"post","link":"https:\/\/defrentealaverdad.com\/index.php\/2025\/02\/13\/la-armada-de-republica-dominicana-rinde-homenaje-a-los-padres-de-la-patria-en-el-altar-de-la-patria\/","title":{"rendered":"La Armada de Rep\u00fablica Dominicana rinde homenaje a los Padres de la Patria en el Altar de la Patria"},"content":{"rendered":"<p style=\"text-align: justify;\">Por Felix Rubio<\/p>\n<p style=\"text-align: justify;\">En el marco del Mes de la Patria, la Armada de Rep\u00fablica Dominicana llev\u00f3 a cabo una solemne ceremonia en honor a los Padres Fundadores de la naci\u00f3n: Juan Pablo Duarte, Francisco del Rosario S\u00e1nchez y Ram\u00f3n Mat\u00edas Mella, depositando una ofrenda floral en el Altar de la Patria como tributo a su legado imperecedero.<img decoding=\"async\" class=\"size-medium wp-image-39314 alignleft lazyload\" data-src=\"https:\/\/defrentealaverdad.com\/wp-content\/uploads\/2025\/02\/IMG-20250213-WA0005-300x200.jpg\" alt=\"\" width=\"300\" height=\"200\" data-srcset=\"https:\/\/defrentealaverdad.com\/wp-content\/uploads\/2025\/02\/IMG-20250213-WA0005-300x200.jpg 300w, https:\/\/defrentealaverdad.com\/wp-content\/uploads\/2025\/02\/IMG-20250213-WA0005-1024x682.jpg 1024w, https:\/\/defrentealaverdad.com\/wp-content\/uploads\/2025\/02\/IMG-20250213-WA0005-768x512.jpg 768w, https:\/\/defrentealaverdad.com\/wp-content\/uploads\/2025\/02\/IMG-20250213-WA0005.jpg 1066w\" data-sizes=\"(max-width: 300px) 100vw, 300px\" src=\"data:image\/svg+xml;base64,PHN2ZyB3aWR0aD0iMSIgaGVpZ2h0PSIxIiB4bWxucz0iaHR0cDovL3d3dy53My5vcmcvMjAwMC9zdmciPjwvc3ZnPg==\" style=\"--smush-placeholder-width: 300px; --smush-placeholder-aspect-ratio: 300\/200;\" \/><\/p>\n<p style=\"text-align: justify;\">El acto, presidido por el vicealmirante Agust\u00edn Morillo Rodr\u00edguez, Comandante General de la Armada, cont\u00f3 con la distinguida presencia del vicealmirante Luis Rafael Lee Ballester, Director General de Migraci\u00f3n, as\u00ed como de los contralmirantes Juan Bienvenido Cris\u00f3stomo Mart\u00ednez y Pedro Jos\u00e9 Lalane Peguero, <img decoding=\"async\" class=\"size-medium wp-image-39305 alignright lazyload\" data-src=\"https:\/\/defrentealaverdad.com\/wp-content\/uploads\/2025\/02\/IMG-20250213-WA0014-300x214.jpg\" alt=\"\" width=\"300\" height=\"214\" data-srcset=\"https:\/\/defrentealaverdad.com\/wp-content\/uploads\/2025\/02\/IMG-20250213-WA0014-300x214.jpg 300w, https:\/\/defrentealaverdad.com\/wp-content\/uploads\/2025\/02\/IMG-20250213-WA0014-1024x731.jpg 1024w, https:\/\/defrentealaverdad.com\/wp-content\/uploads\/2025\/02\/IMG-20250213-WA0014-768x548.jpg 768w, https:\/\/defrentealaverdad.com\/wp-content\/uploads\/2025\/02\/IMG-20250213-WA0014.jpg 1142w\" data-sizes=\"(max-width: 300px) 100vw, 300px\" src=\"data:image\/svg+xml;base64,PHN2ZyB3aWR0aD0iMSIgaGVpZ2h0PSIxIiB4bWxucz0iaHR0cDovL3d3dy53My5vcmcvMjAwMC9zdmciPjwvc3ZnPg==\" style=\"--smush-placeholder-width: 300px; --smush-placeholder-aspect-ratio: 300\/214;\" \/>Subcomandante e Inspector General de la Armada respectivamente. Tambi\u00e9n participaron el vicealmirante (R) Juan de Jes\u00fas Jorge Cabrera, Presidente de la Liga Naval Dominicana, junto a una comitiva de los Auxiliares Navales, el Presidente de la Fundaci\u00f3n Promarina, Capit\u00e1n de Nav\u00edo Arturo Santana, el Estado Mayor Coordinador, oficiales superiores, subalternos, suboficiales, guardiamarinas y alistados.<img decoding=\"async\" class=\"size-medium wp-image-39313 alignleft lazyload\" data-src=\"https:\/\/defrentealaverdad.com\/wp-content\/uploads\/2025\/02\/IMG-20250213-WA0006-300x200.jpg\" alt=\"\" width=\"300\" height=\"200\" data-srcset=\"https:\/\/defrentealaverdad.com\/wp-content\/uploads\/2025\/02\/IMG-20250213-WA0006-300x200.jpg 300w, https:\/\/defrentealaverdad.com\/wp-content\/uploads\/2025\/02\/IMG-20250213-WA0006-1024x682.jpg 1024w, https:\/\/defrentealaverdad.com\/wp-content\/uploads\/2025\/02\/IMG-20250213-WA0006-768x512.jpg 768w, https:\/\/defrentealaverdad.com\/wp-content\/uploads\/2025\/02\/IMG-20250213-WA0006.jpg 1066w\" data-sizes=\"(max-width: 300px) 100vw, 300px\" src=\"data:image\/svg+xml;base64,PHN2ZyB3aWR0aD0iMSIgaGVpZ2h0PSIxIiB4bWxucz0iaHR0cDovL3d3dy53My5vcmcvMjAwMC9zdmciPjwvc3ZnPg==\" style=\"--smush-placeholder-width: 300px; --smush-placeholder-aspect-ratio: 300\/200;\" \/><\/p>\n<p style=\"text-align: justify;\">La ceremonia inici\u00f3 con la izada de la Bandera Nacional, seguida por una procesi\u00f3n solemne hasta el monumento, donde se realiz\u00f3 el dep\u00f3sito de la ofrenda floral en honor a los pr\u00f3ceres. Acto seguido, el toque de corneta y la entonaci\u00f3n del Himno Nacional reafirmaron el compromiso inquebrantable de la Armada de defender los valores de soberan\u00eda, libertad y justicia, pilares fundamentales de la naci\u00f3n. En sus palabras, el vicealmirante Morillo Rodr\u00edguez destac\u00f3:<\/p>\n<blockquote>\n<p style=\"text-align: justify;\">\u00abEsta ceremonia simboliza el respeto y la admiraci\u00f3n que sentimos por nuestros h\u00e9roes fundadores. Nos ense\u00f1aron que el amor a la Patria se traduce en servicio, honor y lealtad. Hoy, con profunda convicci\u00f3n, renovamos nuestro compromiso de defender con valent\u00eda su legado y de mantener viva la llama del patriotismo en cada dominicano.\u00bb<\/p>\n<\/blockquote>\n<p style=\"text-align: justify;\"><img decoding=\"async\" class=\"size-medium wp-image-39312 alignright lazyload\" data-src=\"https:\/\/defrentealaverdad.com\/wp-content\/uploads\/2025\/02\/IMG-20250213-WA0007-300x200.jpg\" alt=\"\" width=\"300\" height=\"200\" data-srcset=\"https:\/\/defrentealaverdad.com\/wp-content\/uploads\/2025\/02\/IMG-20250213-WA0007-300x200.jpg 300w, https:\/\/defrentealaverdad.com\/wp-content\/uploads\/2025\/02\/IMG-20250213-WA0007-1024x682.jpg 1024w, https:\/\/defrentealaverdad.com\/wp-content\/uploads\/2025\/02\/IMG-20250213-WA0007-768x512.jpg 768w, https:\/\/defrentealaverdad.com\/wp-content\/uploads\/2025\/02\/IMG-20250213-WA0007.jpg 1066w\" data-sizes=\"(max-width: 300px) 100vw, 300px\" src=\"data:image\/svg+xml;base64,PHN2ZyB3aWR0aD0iMSIgaGVpZ2h0PSIxIiB4bWxucz0iaHR0cDovL3d3dy53My5vcmcvMjAwMC9zdmciPjwvc3ZnPg==\" style=\"--smush-placeholder-width: 300px; --smush-placeholder-aspect-ratio: 300\/200;\" \/>Con este homenaje cargado de fervor patri\u00f3tico, la Armada de Rep\u00fablica Dominicana ratifica su misi\u00f3n de salvaguardar el honor y la integridad de la naci\u00f3n, honrando la memoria de aquellos que hicieron posible una Rep\u00fablica libre e independiente.<\/p>\n<p>Fuente: Armada de Rep\u00fablica Dominicana<\/p>\n","protected":false},"excerpt":{"rendered":"<p>Por Felix Rubio En el marco del Mes de la Patria, la Armada de Rep\u00fablica<\/p>\n","protected":false},"author":1,"featured_media":39315,"comment_status":"open","ping_status":"open","sticky":false,"template":"","format":"standard","meta":{"footnotes":""},"categories":[7],"tags":[],"class_list":["post-39304","post","type-post","status-publish","format-standard","has-post-thumbnail","hentry","category-nacionales"],"_links":{"self":[{"href":"https:\/\/defrentealaverdad.com\/index.php\/wp-json\/wp\/v2\/posts\/39304","targetHints":{"allow":["GET"]}}],"collection":[{"href":"https:\/\/defrentealaverdad.com\/index.php\/wp-json\/wp\/v2\/posts"}],"about":[{"href":"https:\/\/defrentealaverdad.com\/index.php\/wp-json\/wp\/v2\/types\/post"}],"author":[{"embeddable":true,"href":"https:\/\/defrentealaverdad.com\/index.php\/wp-json\/wp\/v2\/users\/1"}],"replies":[{"embeddable":true,"href":"https:\/\/defrentealaverdad.com\/index.php\/wp-json\/wp\/v2\/comments?post=39304"}],"version-history":[{"count":1,"href":"https:\/\/defrentealaverdad.com\/index.php\/wp-json\/wp\/v2\/posts\/39304\/revisions"}],"predecessor-version":[{"id":39316,"href":"https:\/\/defrentealaverdad.com\/index.php\/wp-json\/wp\/v2\/posts\/39304\/revisions\/39316"}],"wp:featuredmedia":[{"embeddable":true,"href":"https:\/\/defrentealaverdad.com\/index.php\/wp-json\/wp\/v2\/media\/39315"}],"wp:attachment":[{"href":"https:\/\/defrentealaverdad.com\/index.php\/wp-json\/wp\/v2\/media?parent=39304"}],"wp:term":[{"taxonomy":"category","embeddable":true,"href":"https:\/\/defrentealaverdad.com\/index.php\/wp-json\/wp\/v2\/categories?post=39304"},{"taxonomy":"post_tag","embeddable":true,"href":"https:\/\/defrentealaverdad.com\/index.php\/wp-json\/wp\/v2\/tags?post=39304"}],"curies":[{"name":"wp","href":"https:\/\/api.w.org\/{rel}","templated":true}]}}