{"id":39295,"date":"2025-02-13T12:45:42","date_gmt":"2025-02-13T12:45:42","guid":{"rendered":"https:\/\/defrentealaverdad.com\/?p=39295"},"modified":"2025-02-13T12:46:18","modified_gmt":"2025-02-13T12:46:18","slug":"10-de-febrero-dia-nacional-del-folklore-dominicano","status":"publish","type":"post","link":"https:\/\/defrentealaverdad.com\/index.php\/2025\/02\/13\/10-de-febrero-dia-nacional-del-folklore-dominicano\/","title":{"rendered":"10 de febrero: D\u00eda Nacional del Folklore Dominicano"},"content":{"rendered":"<p style=\"text-align: justify;\">Cada 10 de febrero, celebramos orgullosamente en <a href=\"https:\/\/www.instagram.com\/explore\/tags\/rep%C3%BAblicadominicana\/\">#Rep\u00fablicaDominicana<\/a>\u00a0<img decoding=\"async\" class=\"emoji lazyload\" role=\"img\" draggable=\"false\" data-src=\"https:\/\/s.w.org\/images\/core\/emoji\/15.0.3\/svg\/1f1e9-1f1f4.svg\" alt=\"\ud83c\udde9\ud83c\uddf4\" src=\"data:image\/svg+xml;base64,PHN2ZyB3aWR0aD0iMSIgaGVpZ2h0PSIxIiB4bWxucz0iaHR0cDovL3d3dy53My5vcmcvMjAwMC9zdmciPjwvc3ZnPg==\" \/>\u00a0el \u201cD\u00eda Nacional del Folklore\u201d resaltando la variedad de ritmos, sabores y colorido como m\u00e1xima expresi\u00f3n de nuestra cultura, pasando de generaci\u00f3n en generaci\u00f3n.<\/p>\n<p style=\"text-align: justify;\">Este d\u00eda valoramos cada una de las tradiciones que nos identifican como dominicanas y dominicanos a trav\u00e9s de la m\u00fasica, artesan\u00eda, gastronom\u00eda, bailes, creencias religiosas, fiestas, carnavales y arraigadas costumbres.<\/p>\n<p style=\"text-align: justify;\">Nuestro pa\u00eds cuenta con un sin n\u00famero de manifestaciones folcl\u00f3ricas, escr\u00edbenos en los comentarios con un emoji cu\u00e1l es tu favorita.<\/p>\n<p>Fuente: Consulado de la Rep\u00fablica Dominicana en Valencia, Espa\u00f1a<\/p>\n","protected":false},"excerpt":{"rendered":"<p>Cada 10 de febrero, celebramos orgullosamente en #Rep\u00fablicaDominicana\u00a0\u00a0el \u201cD\u00eda Nacional del Folklore\u201d resaltando la variedad<\/p>\n","protected":false},"author":1,"featured_media":39297,"comment_status":"open","ping_status":"open","sticky":false,"template":"","format":"standard","meta":{"footnotes":""},"categories":[7],"tags":[],"class_list":["post-39295","post","type-post","status-publish","format-standard","has-post-thumbnail","hentry","category-nacionales"],"_links":{"self":[{"href":"https:\/\/defrentealaverdad.com\/index.php\/wp-json\/wp\/v2\/posts\/39295","targetHints":{"allow":["GET"]}}],"collection":[{"href":"https:\/\/defrentealaverdad.com\/index.php\/wp-json\/wp\/v2\/posts"}],"about":[{"href":"https:\/\/defrentealaverdad.com\/index.php\/wp-json\/wp\/v2\/types\/post"}],"author":[{"embeddable":true,"href":"https:\/\/defrentealaverdad.com\/index.php\/wp-json\/wp\/v2\/users\/1"}],"replies":[{"embeddable":true,"href":"https:\/\/defrentealaverdad.com\/index.php\/wp-json\/wp\/v2\/comments?post=39295"}],"version-history":[{"count":1,"href":"https:\/\/defrentealaverdad.com\/index.php\/wp-json\/wp\/v2\/posts\/39295\/revisions"}],"predecessor-version":[{"id":39296,"href":"https:\/\/defrentealaverdad.com\/index.php\/wp-json\/wp\/v2\/posts\/39295\/revisions\/39296"}],"wp:featuredmedia":[{"embeddable":true,"href":"https:\/\/defrentealaverdad.com\/index.php\/wp-json\/wp\/v2\/media\/39297"}],"wp:attachment":[{"href":"https:\/\/defrentealaverdad.com\/index.php\/wp-json\/wp\/v2\/media?parent=39295"}],"wp:term":[{"taxonomy":"category","embeddable":true,"href":"https:\/\/defrentealaverdad.com\/index.php\/wp-json\/wp\/v2\/categories?post=39295"},{"taxonomy":"post_tag","embeddable":true,"href":"https:\/\/defrentealaverdad.com\/index.php\/wp-json\/wp\/v2\/tags?post=39295"}],"curies":[{"name":"wp","href":"https:\/\/api.w.org\/{rel}","templated":true}]}}