{"id":3929,"date":"2023-03-15T15:22:20","date_gmt":"2023-03-15T15:22:20","guid":{"rendered":"https:\/\/defrentealaverdad.com\/?p=3929"},"modified":"2023-03-15T15:23:57","modified_gmt":"2023-03-15T15:23:57","slug":"firman-convenio-para-mejorar-iluminacion-en-bases-militares-y-capacitar-a-ingenieros-de-ff-aa","status":"publish","type":"post","link":"https:\/\/defrentealaverdad.com\/index.php\/2023\/03\/15\/firman-convenio-para-mejorar-iluminacion-en-bases-militares-y-capacitar-a-ingenieros-de-ff-aa\/","title":{"rendered":"Firman convenio para mejorar iluminaci\u00f3n en bases militares y capacitar a Ingenieros de FF.AA."},"content":{"rendered":"<p style=\"text-align: justify;\">Por Felix Rubio<\/p>\n<p style=\"text-align: justify;\"><img decoding=\"async\" data-src=\"https:\/\/blogger.googleusercontent.com\/img\/b\/R29vZ2xl\/AVvXsEjaFuBr97XqFwRDB_oEgVhVYE0hF5hLeffgnMBfws06lLzt4IzUOcxNqHD62jp-jKyEASnRaNjNjAkYkXUpKMxbSri771q7Igr-Wq12m9zr0Qkhl2gX6eQqc80-e-NQ9oKLxJzLwDz0G8-ecLHU7wbiQgxKs6CMXmrKXiLE4bTYu_a6EZyxHuJ2H3ya\/s320\/IMG-20230315-WA0002.jpg\" src=\"data:image\/svg+xml;base64,PHN2ZyB3aWR0aD0iMSIgaGVpZ2h0PSIxIiB4bWxucz0iaHR0cDovL3d3dy53My5vcmcvMjAwMC9zdmciPjwvc3ZnPg==\" class=\"lazyload\" \/><\/p>\n<p style=\"text-align: justify;\">SANTO DOMINGO.- El Ministerio de Defensa (MIDE) mejorar\u00e1 la iluminaci\u00f3n de las instalaciones castrenses para facilitar las operaciones militares en sus \u00e1reas de responsabilidad.<\/p>\n<p style=\"text-align: justify;\">Este martes la instituci\u00f3n militar firm\u00f3 un convenio con la Sociedad Comercial KAEPOWERSHIO Dominican Republic, S.A.S, seg\u00fan el cual la empresa dotar\u00e1 de 100 luminarias al Ej\u00e9rcito de Rep\u00fablica Dominicana, as\u00ed como a otras \u00e1reas donde el Ministerio de Defensa considere pertinente.<\/p>\n<p style=\"text-align: justify;\">El acuerdo estipula que adem\u00e1s, KARPOWERSHIP se compromete a brindar capacitaci\u00f3n, transferir conocimiento y generar empleos al cuerpo de ingenieros de las Fuerzas Armadas para trabajar en las plantas de energ\u00eda ubicadas en Pueblo Viejo, Azua de Compostela.<\/p>\n<p style=\"text-align: justify;\">Al rubricar el acuerdo, el titular del MIDE Teniente General Carlos Luciano D\u00edaz Morfa, ERD., expres\u00f3 su satisfacci\u00f3n \u201cporque con este acuerdo se mejorar\u00e1 la iluminaci\u00f3n de las instalaciones castrenses que as\u00ed lo ameriten y con ello las condiciones en las que operan estas importantes infraestructuras, para la seguridad del pa\u00eds.\u201d<\/p>\n<p style=\"text-align: justify;\">En tanto, Carlos R. Matamoros Bregni, Presidente de la KARPOWERSHIP se\u00f1al\u00f3, que \u201ceste convenio viene a confirmar en parte el compromiso contra\u00eddo en el pa\u00eds en materia energ\u00e9tica, por lo que nos honra llegar a este acuerdo en beneficio de los miembros de las Fuerzas Armadas\u201d.<\/p>\n<p style=\"text-align: justify;\">\n<p style=\"text-align: justify;\">Fuente: Prensa MIDE<\/p>\n","protected":false},"excerpt":{"rendered":"<p>Por Felix Rubio SANTO DOMINGO.- El Ministerio de Defensa (MIDE) mejorar\u00e1 la iluminaci\u00f3n de las<\/p>\n","protected":false},"author":1,"featured_media":0,"comment_status":"open","ping_status":"open","sticky":false,"template":"","format":"standard","meta":{"footnotes":""},"categories":[7],"tags":[],"class_list":["post-3929","post","type-post","status-publish","format-standard","hentry","category-nacionales"],"_links":{"self":[{"href":"https:\/\/defrentealaverdad.com\/index.php\/wp-json\/wp\/v2\/posts\/3929","targetHints":{"allow":["GET"]}}],"collection":[{"href":"https:\/\/defrentealaverdad.com\/index.php\/wp-json\/wp\/v2\/posts"}],"about":[{"href":"https:\/\/defrentealaverdad.com\/index.php\/wp-json\/wp\/v2\/types\/post"}],"author":[{"embeddable":true,"href":"https:\/\/defrentealaverdad.com\/index.php\/wp-json\/wp\/v2\/users\/1"}],"replies":[{"embeddable":true,"href":"https:\/\/defrentealaverdad.com\/index.php\/wp-json\/wp\/v2\/comments?post=3929"}],"version-history":[{"count":3,"href":"https:\/\/defrentealaverdad.com\/index.php\/wp-json\/wp\/v2\/posts\/3929\/revisions"}],"predecessor-version":[{"id":3932,"href":"https:\/\/defrentealaverdad.com\/index.php\/wp-json\/wp\/v2\/posts\/3929\/revisions\/3932"}],"wp:attachment":[{"href":"https:\/\/defrentealaverdad.com\/index.php\/wp-json\/wp\/v2\/media?parent=3929"}],"wp:term":[{"taxonomy":"category","embeddable":true,"href":"https:\/\/defrentealaverdad.com\/index.php\/wp-json\/wp\/v2\/categories?post=3929"},{"taxonomy":"post_tag","embeddable":true,"href":"https:\/\/defrentealaverdad.com\/index.php\/wp-json\/wp\/v2\/tags?post=3929"}],"curies":[{"name":"wp","href":"https:\/\/api.w.org\/{rel}","templated":true}]}}