{"id":39285,"date":"2025-02-13T12:37:04","date_gmt":"2025-02-13T12:37:04","guid":{"rendered":"https:\/\/defrentealaverdad.com\/?p=39285"},"modified":"2025-02-13T12:37:04","modified_gmt":"2025-02-13T12:37:04","slug":"13-de-febrero-dia-mundial-de-la-radio","status":"publish","type":"post","link":"https:\/\/defrentealaverdad.com\/index.php\/2025\/02\/13\/13-de-febrero-dia-mundial-de-la-radio\/","title":{"rendered":"13 de febrero: D\u00eda Mundial de la Radio"},"content":{"rendered":"<blockquote>\n<div class=\"x_elementToProof\" style=\"text-align: justify;\" data-olk-copy-source=\"MessageBody\">Cada 13 de febrero, el mundo celebra el<b>\u00a0D\u00eda Mundial de la Radio,<\/b>\u00a0una fecha proclamada por la UNESCO en 2011\u00a0para reconocer la importancia de este medio de comunicaci\u00f3n en la educaci\u00f3n, la informaci\u00f3n y la promoci\u00f3n de la libertad de expresi\u00f3n.<\/div>\n<\/blockquote>\n<div class=\"x_elementToProof\" style=\"text-align: justify;\">En una era marcada por la vertiginosa velocidad de la innovaci\u00f3n tecnol\u00f3gica y la r\u00e1pida obsolescencia de una plataforma tras otra, la radio inicia su segundo siglo de servicio como uno de los medios de comunicaci\u00f3n m\u00e1s confiables y utilizados en el mundo.<\/div>\n<div>\n<p style=\"text-align: justify;\">Proclamado en 2011 por los Estados Miembros de la UNESCO y adoptado por la Asamblea General de las Naciones Unidas en 2012 como D\u00eda Internacional de las Naciones Unidas, el 13 de febrero se convirti\u00f3 en el D\u00eda Mundial de la Radio (WRD). La radio contribuye al logro de sus objetivos internacionales al apoyar a las poblaciones en situaciones de desastres, como tormentas tropicales e inundaciones. Adem\u00e1s, facilita la difusi\u00f3n de informaci\u00f3n basada en hechos, amplifica las voces de los oyentes y ofrece programas dedicados a diversas tem\u00e1ticas.<\/p>\n<p style=\"text-align: justify;\">A todos los profesionales y voluntarios de la radio en todo el mundo, la UNESCO les rinde homenaje por su labor diaria y su compromiso con el futuro.<\/p>\n<\/div>\n<p>Fuente: UNESCO<\/p>\n","protected":false},"excerpt":{"rendered":"<p>Cada 13 de febrero, el mundo celebra el\u00a0D\u00eda Mundial de la Radio,\u00a0una fecha proclamada por<\/p>\n","protected":false},"author":2,"featured_media":39286,"comment_status":"open","ping_status":"open","sticky":false,"template":"","format":"standard","meta":{"footnotes":""},"categories":[16],"tags":[],"class_list":["post-39285","post","type-post","status-publish","format-standard","has-post-thumbnail","hentry","category-internacionales"],"_links":{"self":[{"href":"https:\/\/defrentealaverdad.com\/index.php\/wp-json\/wp\/v2\/posts\/39285","targetHints":{"allow":["GET"]}}],"collection":[{"href":"https:\/\/defrentealaverdad.com\/index.php\/wp-json\/wp\/v2\/posts"}],"about":[{"href":"https:\/\/defrentealaverdad.com\/index.php\/wp-json\/wp\/v2\/types\/post"}],"author":[{"embeddable":true,"href":"https:\/\/defrentealaverdad.com\/index.php\/wp-json\/wp\/v2\/users\/2"}],"replies":[{"embeddable":true,"href":"https:\/\/defrentealaverdad.com\/index.php\/wp-json\/wp\/v2\/comments?post=39285"}],"version-history":[{"count":1,"href":"https:\/\/defrentealaverdad.com\/index.php\/wp-json\/wp\/v2\/posts\/39285\/revisions"}],"predecessor-version":[{"id":39287,"href":"https:\/\/defrentealaverdad.com\/index.php\/wp-json\/wp\/v2\/posts\/39285\/revisions\/39287"}],"wp:featuredmedia":[{"embeddable":true,"href":"https:\/\/defrentealaverdad.com\/index.php\/wp-json\/wp\/v2\/media\/39286"}],"wp:attachment":[{"href":"https:\/\/defrentealaverdad.com\/index.php\/wp-json\/wp\/v2\/media?parent=39285"}],"wp:term":[{"taxonomy":"category","embeddable":true,"href":"https:\/\/defrentealaverdad.com\/index.php\/wp-json\/wp\/v2\/categories?post=39285"},{"taxonomy":"post_tag","embeddable":true,"href":"https:\/\/defrentealaverdad.com\/index.php\/wp-json\/wp\/v2\/tags?post=39285"}],"curies":[{"name":"wp","href":"https:\/\/api.w.org\/{rel}","templated":true}]}}