{"id":39254,"date":"2025-02-13T00:01:24","date_gmt":"2025-02-13T00:01:24","guid":{"rendered":"https:\/\/defrentealaverdad.com\/?p=39254"},"modified":"2025-02-13T00:01:24","modified_gmt":"2025-02-13T00:01:24","slug":"suenos-dorados-emociona-en-su-gran-estreno","status":"publish","type":"post","link":"https:\/\/defrentealaverdad.com\/index.php\/2025\/02\/13\/suenos-dorados-emociona-en-su-gran-estreno\/","title":{"rendered":"*\u201cSue\u00f1os Dorados\u201d emociona en su gran estreno"},"content":{"rendered":"<blockquote>\n<p style=\"text-align: justify;\">El documental sobre la historia de Marileidy Paulino llega a los cines del pa\u00eds a partir del <strong>13 de febrero<\/strong><\/p>\n<\/blockquote>\n<p style=\"text-align: justify;\"><strong>Santo Domingo, febrero 2025<\/strong> \u2013 Con una emotiva gala de estreno, se present\u00f3 Sue\u00f1os Dorados, el esperado documental de Kokaleka Films, que retrata la inspiradora historia de Marileidy Paulino, triple medallista ol\u00edmpica y actual campeona mundial de los 400 metros.<\/p>\n<p style=\"text-align: justify;\">Bajo la direcci\u00f3n de Mariano Pichardo y la producci\u00f3n de Federico Ozores, Sue\u00f1os Dorados ofrece un recorrido \u00edntimo por la vida y carrera de Marileidy, destacando su disciplina, sus ra\u00edces y el camino que la ha llevado a convertirse en una de las atletas m\u00e1s importantes de Rep\u00fablica Dominicana. A trav\u00e9s de im\u00e1genes impactantes grabadas en Don Gregorio, Nizao, Santo Domingo, Chile, Espa\u00f1a y Par\u00eds, la producci\u00f3n captura la esencia de su esfuerzo y determinaci\u00f3n con una fotograf\u00eda excepcional que resalta tanto la majestuosidad de los escenarios como la intensidad de cada momento vivido por la atleta.<\/p>\n<blockquote>\n<p style=\"text-align: justify;\">\u00abDesde el inicio, nuestro objetivo fue contar la historia de Marileidy desde una perspectiva aut\u00e9ntica, mostrando no solo su grandeza como atleta, sino tambi\u00e9n su humanidad y su lucha diaria\u00bb, expres\u00f3 Mariano Pichardo, director del documental.<\/p>\n<\/blockquote>\n<p style=\"text-align: justify;\">Por su parte, el productor Federico Ozores destac\u00f3:<\/p>\n<blockquote>\n<p style=\"text-align: justify;\">\u201cEste proyecto representa el compromiso de Kokaleka Films con la producci\u00f3n de contenidos que inspiren y resalten los valores del esfuerzo y la perseverancia. Nos enorgullece la cinematograf\u00eda lograda en este documental, que combina tomas espectaculares con una narrativa visual cautivadora\u201d.<\/p>\n<\/blockquote>\n<p style=\"text-align: justify;\"><strong>Banco Popular: Un respaldo al talento dominicano<\/strong><\/p>\n<p style=\"text-align: justify;\">Este documental cuenta con el auspicio del Banco Popular Dominicano, como parte de su relaci\u00f3n con Marileidy Paulino en su rol de embajadora de la marca Popular desde 2022. A trav\u00e9s de este respaldo, la entidad reafirma su compromiso con el desarrollo del talento dominicano y la promoci\u00f3n de valores fundamentales como la disciplina y el trabajo en equipo.<\/p>\n<p style=\"text-align: justify;\">El se\u00f1or Jos\u00e9 M\u00e1rmol, vicepresidente ejecutivo de Comunicaciones Corporativas, Reputaci\u00f3n y Banca Responsable del Grupo Popular, resalt\u00f3 la figura de Marileidy Paulino como un referente de tes\u00f3n, responsabilidad, sacrificio y la b\u00fasqueda continua de la excelencia.<\/p>\n<blockquote>\n<p style=\"text-align: justify;\">\u201cSu colaboraci\u00f3n con nosotros desde hace varios a\u00f1os es un reflejo de la misi\u00f3n del Banco Popular de apoyar a aquellos que trabajan incansablemente para alcanzar sus sue\u00f1os\u201d, expres\u00f3 el ejecutivo.<\/p>\n<\/blockquote>\n<p style=\"text-align: justify;\">La premier, realizada en la Sala 1 de Caribbean Cinemas Downtown Center, reuni\u00f3 a destacadas figuras del \u00e1mbito social, deportivo y estatal, quienes aplaudieron la calidad cinematogr\u00e1fica, la cuidada direcci\u00f3n y la impecable fotograf\u00eda del documental, que logra capturar la esencia de Marileidy en cada escena. Este resultado es fruto del trabajo del director de fotograf\u00eda Franklin Villar, cuya mirada experta realza cada momento con una sensibilidad \u00fanica, y del guion de Miguel Yarull, quien construy\u00f3 una narrativa que trasciende el deporte, convirti\u00e9ndose en un poderoso testimonio de vida.<\/p>\n<blockquote>\n<p style=\"text-align: justify;\">\u201cVer la historia de Marileidy en la gran pantalla es un testimonio de lucha y superaci\u00f3n que nos llena de orgullo como dominicanos. La manera en que se ha plasmado su historia visualmente es simplemente impresionante\u201d, afirmaron los productores.<\/p>\n<\/blockquote>\n<p><strong>Parte del equipo<\/strong><\/p>\n<ul>\n<li>Mariano Pichardo: Director<\/li>\n<li>Federico Ozores: Productor<\/li>\n<li>Mariela Valdez: La ni\u00f1a<\/li>\n<li>Ignacio Ram\u00edrez: Compositor Musical<\/li>\n<\/ul>\n<p style=\"text-align: justify;\">Sue\u00f1os Dorados estar\u00e1 disponible a partir del 13 de febrero en las principales salas de Caribbean.<\/p>\n<p><strong>Cinemas, incluyendo:<\/strong><\/p>\n<ul>\n<li>Downtown Center<\/li>\n<li>Megacentro<\/li>\n<li>Sambil<\/li>\n<li>Silver Sun<\/li>\n<li>Galer\u00eda 360<\/li>\n<li>Fine Arts<\/li>\n<\/ul>\n<p>Fuente: Kokaleka Films<\/p>\n","protected":false},"excerpt":{"rendered":"<p>El documental sobre la historia de Marileidy Paulino llega a los cines del pa\u00eds a<\/p>\n","protected":false},"author":4,"featured_media":39255,"comment_status":"open","ping_status":"open","sticky":false,"template":"","format":"standard","meta":{"footnotes":""},"categories":[248],"tags":[],"class_list":["post-39254","post","type-post","status-publish","format-standard","has-post-thumbnail","hentry","category-cine"],"_links":{"self":[{"href":"https:\/\/defrentealaverdad.com\/index.php\/wp-json\/wp\/v2\/posts\/39254","targetHints":{"allow":["GET"]}}],"collection":[{"href":"https:\/\/defrentealaverdad.com\/index.php\/wp-json\/wp\/v2\/posts"}],"about":[{"href":"https:\/\/defrentealaverdad.com\/index.php\/wp-json\/wp\/v2\/types\/post"}],"author":[{"embeddable":true,"href":"https:\/\/defrentealaverdad.com\/index.php\/wp-json\/wp\/v2\/users\/4"}],"replies":[{"embeddable":true,"href":"https:\/\/defrentealaverdad.com\/index.php\/wp-json\/wp\/v2\/comments?post=39254"}],"version-history":[{"count":1,"href":"https:\/\/defrentealaverdad.com\/index.php\/wp-json\/wp\/v2\/posts\/39254\/revisions"}],"predecessor-version":[{"id":39256,"href":"https:\/\/defrentealaverdad.com\/index.php\/wp-json\/wp\/v2\/posts\/39254\/revisions\/39256"}],"wp:featuredmedia":[{"embeddable":true,"href":"https:\/\/defrentealaverdad.com\/index.php\/wp-json\/wp\/v2\/media\/39255"}],"wp:attachment":[{"href":"https:\/\/defrentealaverdad.com\/index.php\/wp-json\/wp\/v2\/media?parent=39254"}],"wp:term":[{"taxonomy":"category","embeddable":true,"href":"https:\/\/defrentealaverdad.com\/index.php\/wp-json\/wp\/v2\/categories?post=39254"},{"taxonomy":"post_tag","embeddable":true,"href":"https:\/\/defrentealaverdad.com\/index.php\/wp-json\/wp\/v2\/tags?post=39254"}],"curies":[{"name":"wp","href":"https:\/\/api.w.org\/{rel}","templated":true}]}}