{"id":39244,"date":"2025-02-12T20:56:41","date_gmt":"2025-02-12T20:56:41","guid":{"rendered":"https:\/\/defrentealaverdad.com\/?p=39244"},"modified":"2025-02-12T20:57:15","modified_gmt":"2025-02-12T20:57:15","slug":"sofi-lavilla-lanza-su-nuevo-sencillo-loquita","status":"publish","type":"post","link":"https:\/\/defrentealaverdad.com\/index.php\/2025\/02\/12\/sofi-lavilla-lanza-su-nuevo-sencillo-loquita\/","title":{"rendered":"Sofi Lavilla Lanza su Nuevo Sencillo: \u201cLOQUITA\u201d"},"content":{"rendered":"<p style=\"text-align: justify;\">La revelaci\u00f3n del pop urbano, Sofi Lavilla, regresa con su nuevo sencillo <em><strong>\u201cLOQUITA\u201d,<\/strong><\/em> un afrobeat que promete hacer bailar al mundo. Con un sonido fresco y aut\u00e9ntico, <strong><em>\u201cLOQUITA\u201d<\/em><\/strong> est\u00e1 lista para conquistar las playlists globales.<\/p>\n<p style=\"text-align: justify;\">A su corta edad y con m\u00e1s de tres a\u00f1os de carrera musical, la artista colombiana sigue en ascenso. En 2024, fue nominada como mejor artista emergente en los premios Instafest y ha colaborado con varios artistas importantes, destac\u00e1ndose en diferentes escenarios de la industria musical.<\/p>\n<p style=\"text-align: justify;\">Su anterior sencillo \u201cAmigos\u201d fue destacado por el prestigioso medio Billboard, coloc\u00e1ndola en el radar de grandes productores, sellos discogr\u00e1ficos, medios de comunicaci\u00f3n e inversionistas.<\/p>\n<p style=\"text-align: justify;\">Este nuevo single promete poner a todos a bailar con su mezcla de sensualidad, ritmo contagioso y letras atrevidas. Producido por MASB3AT y escrito por Sof\u00eda Villarreal (Sofi Lavilla) junto a Sheldom Sj\u00f6green, \u201cLOQUITA\u201d es una declaraci\u00f3n de deseo puro y sin reservas. En este tema, Sofi se lanza con toda su energ\u00eda a explorar una atracci\u00f3n intensa que se convierte en obsesi\u00f3n, creando un himno de pasi\u00f3n y locura. <strong><em>\u201cLOQUITA\u201d<\/em><\/strong> es mucho m\u00e1s que una canci\u00f3n; es la historia de un amor arrebatador donde Sofi expresa, con su estilo \u00fanico, la necesidad de estar cerca de esa persona que enloquece todos los sentidos.<\/p>\n<p style=\"text-align: justify;\">Actualmente, Sofi se encuentra en una gira de medios promocionando su nueva canci\u00f3n y ya est\u00e1 preparando su siguiente hit musical.<\/p>\n<p style=\"text-align: justify;\">Con el apoyo de sus padres y la gu\u00eda de su manager, el reconocido empresario Farid Duque, Sofi sigue sorprendiendo a sus fans y preparando mucha m\u00fasica nueva para este 2025.<\/p>\n<blockquote>\n<p style=\"text-align: justify;\">\u201cLOQUITA\u201d ya est\u00e1 disponible en plataformas digitales y en el canal de YouTube de Sofi Lavilla, donde los fans pueden disfrutar del video oficial y dejarse llevar por su ritmo envolvente.<\/p>\n<\/blockquote>\n<p>Fuente: CRNews<\/p>\n","protected":false},"excerpt":{"rendered":"<p>La revelaci\u00f3n del pop urbano, Sofi Lavilla, regresa con su nuevo sencillo \u201cLOQUITA\u201d, un afrobeat<\/p>\n","protected":false},"author":1,"featured_media":39246,"comment_status":"open","ping_status":"open","sticky":false,"template":"","format":"standard","meta":{"footnotes":""},"categories":[249],"tags":[],"class_list":["post-39244","post","type-post","status-publish","format-standard","has-post-thumbnail","hentry","category-farandula"],"_links":{"self":[{"href":"https:\/\/defrentealaverdad.com\/index.php\/wp-json\/wp\/v2\/posts\/39244","targetHints":{"allow":["GET"]}}],"collection":[{"href":"https:\/\/defrentealaverdad.com\/index.php\/wp-json\/wp\/v2\/posts"}],"about":[{"href":"https:\/\/defrentealaverdad.com\/index.php\/wp-json\/wp\/v2\/types\/post"}],"author":[{"embeddable":true,"href":"https:\/\/defrentealaverdad.com\/index.php\/wp-json\/wp\/v2\/users\/1"}],"replies":[{"embeddable":true,"href":"https:\/\/defrentealaverdad.com\/index.php\/wp-json\/wp\/v2\/comments?post=39244"}],"version-history":[{"count":2,"href":"https:\/\/defrentealaverdad.com\/index.php\/wp-json\/wp\/v2\/posts\/39244\/revisions"}],"predecessor-version":[{"id":39247,"href":"https:\/\/defrentealaverdad.com\/index.php\/wp-json\/wp\/v2\/posts\/39244\/revisions\/39247"}],"wp:featuredmedia":[{"embeddable":true,"href":"https:\/\/defrentealaverdad.com\/index.php\/wp-json\/wp\/v2\/media\/39246"}],"wp:attachment":[{"href":"https:\/\/defrentealaverdad.com\/index.php\/wp-json\/wp\/v2\/media?parent=39244"}],"wp:term":[{"taxonomy":"category","embeddable":true,"href":"https:\/\/defrentealaverdad.com\/index.php\/wp-json\/wp\/v2\/categories?post=39244"},{"taxonomy":"post_tag","embeddable":true,"href":"https:\/\/defrentealaverdad.com\/index.php\/wp-json\/wp\/v2\/tags?post=39244"}],"curies":[{"name":"wp","href":"https:\/\/api.w.org\/{rel}","templated":true}]}}