{"id":39240,"date":"2025-02-12T20:53:27","date_gmt":"2025-02-12T20:53:27","guid":{"rendered":"https:\/\/defrentealaverdad.com\/?p=39240"},"modified":"2025-02-12T20:53:56","modified_gmt":"2025-02-12T20:53:56","slug":"rd-dara-el-salto-a-la-movilidad-electrica-con-flota-de-autobuses-ecologicos-para-un-transporte-mas-limpio-y-sostenible","status":"publish","type":"post","link":"https:\/\/defrentealaverdad.com\/index.php\/2025\/02\/12\/rd-dara-el-salto-a-la-movilidad-electrica-con-flota-de-autobuses-ecologicos-para-un-transporte-mas-limpio-y-sostenible\/","title":{"rendered":"RD dar\u00e1 el salto a la movilidad el\u00e9ctrica con flota de autobuses ecol\u00f3gicos para un transporte m\u00e1s limpio y sostenible\u00a0"},"content":{"rendered":"<p style=\"text-align: justify;\"><strong>Santo Domingo.-<\/strong> La Rep\u00fablica Dominicana dar\u00e1 un salto a la movilidad electr\u00f3nica con flota de autobuses ecol\u00f3gicos para un transporte m\u00e1s limpio y sostenible a trav\u00e9s del programa que estar\u00e1 implementado la empresa de capital dominicano Tiempo de Electromovilidad Vial (TEM-RD), que dirige el empresario de transporte, Adelso Francisco Disla.<\/p>\n<p style=\"text-align: justify;\">Francisco Disla, representante de la propuesta del <strong><em>proyecto TEM &#8211; RD<\/em><\/strong> y presidente de la Federaci\u00f3n Nacional de Choferes (FENACHO), propone una nueva movilidad de transporte colectivo en una era moderna de energ\u00eda, con miras a mejorar la calidad de vida de las personas.<\/p>\n<blockquote>\n<p style=\"text-align: justify;\">\u201cAnunciamos que pondremos en marcha en una de nuestras selectas terminales, paneles solares para los autobuses el\u00e9ctricos de transporte p\u00fablico de pasajeros. Dicha terminal ser\u00e1 una de la m\u00e1s modernas del mundo, con una nueva modalidad para nuevos cambios de energ\u00eda, impulsada por los desaf\u00edos del cambio clim\u00e1tico y el desarrollo tecnol\u00f3gico, con la fuerza del sol y energ\u00eda 100% renovable y un sistema inteligente de monitoreo de cargas, con una capacidad para una flota de 225 nuevos autobuses el\u00e9ctricos\u201d, se\u00f1ala el empresario a trav\u00e9s de una nota de prensa.<\/p>\n<\/blockquote>\n<p style=\"text-align: justify;\">Dijo que el pa\u00eds goza de un clima tropical con una alta incidencia de rayos solares durante todo el a\u00f1o, lo que convierte a Rep\u00fablica Dominicana, como un alto potencial para la generaci\u00f3n de energ\u00eda el\u00e9ctrica a partir de fuente renovables.<\/p>\n<blockquote>\n<p style=\"text-align: justify;\">\u201cNuestra compa\u00f1\u00eda TEM-RD, est\u00e1 orientada a la calidad de servicio de electromovilidad en el transporte p\u00fablico de pasajeros, en la primera etapa, conectaremos con m\u00e1s de 700 mil personas de 15 sectores comprendidos entre la provincia de Santo Domingo y el Distrito Nacional, con autobuses de altos est\u00e1ndares y de nueva generaci\u00f3n que se sumar\u00e1n a la descarbonizaci\u00f3n de la matriz energ\u00e9tica, fortaleciendo un sistema sustentable de transporte metropolitano, hacia una mejor calidad de vida y un futuroprometedor para todos\u201d, dijo.<\/p>\n<\/blockquote>\n<p style=\"text-align: justify;\">Este proyecto ser\u00e1 el primer paso hacia una electromovilidad urbana m\u00e1s eficiente y sostenible y que mejorar\u00e1 la movilidad en la ciudad, la transformaci\u00f3n y modernizaci\u00f3n del sistema de movilidad del transporte olectivo de pasajeros.<\/p>\n<blockquote>\n<p style=\"text-align: justify;\">\u201cHoy revelamos la innovaci\u00f3n de un nuevo sistema de transporte ecol\u00f3gico que promueve la descontaminaci\u00f3n ambiental, centrado en la mejora, eficiencia y rendimiento, mediante un cambio profundo y significativo anticipado a los nuevos tiempos\u201d, concluye el comunicado.<\/p>\n<\/blockquote>\n<p>Fuente: Prensa FENACHO<\/p>\n","protected":false},"excerpt":{"rendered":"<p>Santo Domingo.- La Rep\u00fablica Dominicana dar\u00e1 un salto a la movilidad electr\u00f3nica con flota de<\/p>\n","protected":false},"author":2,"featured_media":39241,"comment_status":"open","ping_status":"open","sticky":false,"template":"","format":"standard","meta":{"footnotes":""},"categories":[7],"tags":[],"class_list":["post-39240","post","type-post","status-publish","format-standard","has-post-thumbnail","hentry","category-nacionales"],"_links":{"self":[{"href":"https:\/\/defrentealaverdad.com\/index.php\/wp-json\/wp\/v2\/posts\/39240","targetHints":{"allow":["GET"]}}],"collection":[{"href":"https:\/\/defrentealaverdad.com\/index.php\/wp-json\/wp\/v2\/posts"}],"about":[{"href":"https:\/\/defrentealaverdad.com\/index.php\/wp-json\/wp\/v2\/types\/post"}],"author":[{"embeddable":true,"href":"https:\/\/defrentealaverdad.com\/index.php\/wp-json\/wp\/v2\/users\/2"}],"replies":[{"embeddable":true,"href":"https:\/\/defrentealaverdad.com\/index.php\/wp-json\/wp\/v2\/comments?post=39240"}],"version-history":[{"count":2,"href":"https:\/\/defrentealaverdad.com\/index.php\/wp-json\/wp\/v2\/posts\/39240\/revisions"}],"predecessor-version":[{"id":39243,"href":"https:\/\/defrentealaverdad.com\/index.php\/wp-json\/wp\/v2\/posts\/39240\/revisions\/39243"}],"wp:featuredmedia":[{"embeddable":true,"href":"https:\/\/defrentealaverdad.com\/index.php\/wp-json\/wp\/v2\/media\/39241"}],"wp:attachment":[{"href":"https:\/\/defrentealaverdad.com\/index.php\/wp-json\/wp\/v2\/media?parent=39240"}],"wp:term":[{"taxonomy":"category","embeddable":true,"href":"https:\/\/defrentealaverdad.com\/index.php\/wp-json\/wp\/v2\/categories?post=39240"},{"taxonomy":"post_tag","embeddable":true,"href":"https:\/\/defrentealaverdad.com\/index.php\/wp-json\/wp\/v2\/tags?post=39240"}],"curies":[{"name":"wp","href":"https:\/\/api.w.org\/{rel}","templated":true}]}}