{"id":39237,"date":"2025-02-12T20:49:42","date_gmt":"2025-02-12T20:49:42","guid":{"rendered":"https:\/\/defrentealaverdad.com\/?p=39237"},"modified":"2025-02-12T20:49:42","modified_gmt":"2025-02-12T20:49:42","slug":"pasaporte-aventurero-una-nueva-propuesta-podcast-orientada-al-turismo-de-republica-dominicana","status":"publish","type":"post","link":"https:\/\/defrentealaverdad.com\/index.php\/2025\/02\/12\/pasaporte-aventurero-una-nueva-propuesta-podcast-orientada-al-turismo-de-republica-dominicana\/","title":{"rendered":"\u00abPasaporte Aventurero\u00bb: una nueva propuesta podcast orientada al turismo de Rep\u00fablica Dominicana"},"content":{"rendered":"<p style=\"text-align: justify;\">Una iniciativa innovadora para explorar, descubrir y recomendar destinos \u00fanicos con una perspectiva aut\u00e9ntica y apasionada.<\/p>\n<p style=\"text-align: justify;\">El turismo adquiere una nueva dimensi\u00f3n con el lanzamiento de \u2018Pasaporte Aventurero\u2019, un blog tipo podcast que invita a su audiencia a descubrir los tesoros ocultos de Rep\u00fablica Dominicana y explorar destinos fascinantes en el resto del mundo. Este proyecto es una gu\u00eda perfecta para quienes buscan vivir experiencias aut\u00e9nticas y enriquecedoras en cada aventura.<\/p>\n<p style=\"text-align: justify;\">Con un formato innovador, \u2018Pasaporte Aventurero\u2019 presentar\u00e1 un episodio cada 15 d\u00edas, en el que se destacar\u00e1n lugares ic\u00f3nicos y rincones poco convencionales. Desde las paradis\u00edacas playas y monta\u00f1as de Rep\u00fablica Dominicana hasta destinos internacionales llenos de historia y cultura, cada episodio ofrecer\u00e1 recomendaciones pr\u00e1cticas, narrativas envolventes e historias inolvidables.<\/p>\n<p style=\"text-align: justify;\">El equipo detr\u00e1s de este proyecto est\u00e1 compuesto por un talentoso elenco: Luigui L\u00f3pez, Josu\u00e9 Guzm\u00e1n, Raindira L\u00f3pez, Raymond Guzm\u00e1n y Heriberto Soriano, quienes, con su pasi\u00f3n por los viajes y su experiencia, garantizan un contenido din\u00e1mico, educativo y entretenido. Juntos, aportan un enfoque fresco y aut\u00e9ntico para cada destino presentado.<\/p>\n<blockquote>\n<p style=\"text-align: justify;\">\u201cQueremos mostrarle al mundo las maravillas de Rep\u00fablica Dominicana y, al mismo tiempo, inspirar a los dominicanos a descubrir nuevas culturas y paisajes en el extranjero. Cada lugar tiene una esencia \u00fanica que merece ser compartida\u201d, expres\u00f3 el equipo de \u2018Pasaporte Aventurero\u2019.<\/p>\n<\/blockquote>\n<p style=\"text-align: justify;\">Los episodios incluir\u00e1n entrevistas con locales, consejos para viajeros y detalles que har\u00e1n que la audiencia se sienta parte de cada viaje. Este contenido estar\u00e1 disponible en las principales plataformas de podcast y redes sociales.<\/p>\n<p><strong>Sigue la aventura<\/strong><\/p>\n<p style=\"text-align: justify;\">Sigue \u2018Pasaporte Aventurero\u2019 en redes sociales y plataformas de podcast para inspirarte a planificar tu pr\u00f3xima aventura. El primer episodio ser\u00e1 lanzado pr\u00f3ximamente y estar\u00e1 dedicado a un destino emblem\u00e1tico de Rep\u00fablica Dominicana. \u00a1No te lo pierdas!<\/p>\n<p>Fuente: Prod. Pasaporte Aventurero<\/p>\n","protected":false},"excerpt":{"rendered":"<p>Una iniciativa innovadora para explorar, descubrir y recomendar destinos \u00fanicos con una perspectiva aut\u00e9ntica y<\/p>\n","protected":false},"author":4,"featured_media":39238,"comment_status":"open","ping_status":"open","sticky":false,"template":"","format":"standard","meta":{"footnotes":""},"categories":[249],"tags":[],"class_list":["post-39237","post","type-post","status-publish","format-standard","has-post-thumbnail","hentry","category-farandula"],"_links":{"self":[{"href":"https:\/\/defrentealaverdad.com\/index.php\/wp-json\/wp\/v2\/posts\/39237","targetHints":{"allow":["GET"]}}],"collection":[{"href":"https:\/\/defrentealaverdad.com\/index.php\/wp-json\/wp\/v2\/posts"}],"about":[{"href":"https:\/\/defrentealaverdad.com\/index.php\/wp-json\/wp\/v2\/types\/post"}],"author":[{"embeddable":true,"href":"https:\/\/defrentealaverdad.com\/index.php\/wp-json\/wp\/v2\/users\/4"}],"replies":[{"embeddable":true,"href":"https:\/\/defrentealaverdad.com\/index.php\/wp-json\/wp\/v2\/comments?post=39237"}],"version-history":[{"count":1,"href":"https:\/\/defrentealaverdad.com\/index.php\/wp-json\/wp\/v2\/posts\/39237\/revisions"}],"predecessor-version":[{"id":39239,"href":"https:\/\/defrentealaverdad.com\/index.php\/wp-json\/wp\/v2\/posts\/39237\/revisions\/39239"}],"wp:featuredmedia":[{"embeddable":true,"href":"https:\/\/defrentealaverdad.com\/index.php\/wp-json\/wp\/v2\/media\/39238"}],"wp:attachment":[{"href":"https:\/\/defrentealaverdad.com\/index.php\/wp-json\/wp\/v2\/media?parent=39237"}],"wp:term":[{"taxonomy":"category","embeddable":true,"href":"https:\/\/defrentealaverdad.com\/index.php\/wp-json\/wp\/v2\/categories?post=39237"},{"taxonomy":"post_tag","embeddable":true,"href":"https:\/\/defrentealaverdad.com\/index.php\/wp-json\/wp\/v2\/tags?post=39237"}],"curies":[{"name":"wp","href":"https:\/\/api.w.org\/{rel}","templated":true}]}}