{"id":3923,"date":"2023-03-15T15:20:17","date_gmt":"2023-03-15T15:20:17","guid":{"rendered":"https:\/\/defrentealaverdad.com\/?p=3923"},"modified":"2023-03-15T15:20:17","modified_gmt":"2023-03-15T15:20:17","slug":"11-muertos-en-explosion-minas-de-colombia","status":"publish","type":"post","link":"https:\/\/defrentealaverdad.com\/index.php\/2023\/03\/15\/11-muertos-en-explosion-minas-de-colombia\/","title":{"rendered":"11 muertos en explosi\u00f3n minas de Colombia"},"content":{"rendered":"<p style=\"text-align: justify;\">Los bomberos de Ubat\u00e9, Cogua, Gachancip\u00e1 y Chocont\u00e1 acudieron inmediatamente a la zona mientras fue activado el Cuerpo Regulador de Urgencias y Emergencia (Crue).<\/p>\n<p style=\"text-align: justify;\"><img decoding=\"async\" class=\"aligncenter lazyload\" data-src=\"https:\/\/i2.wp.com\/deahora.com.do\/wp-content\/uploads\/2023\/03\/toymas.jpg_1718483347.jpg?resize=702%2C336&amp;ssl=1\" src=\"data:image\/svg+xml;base64,PHN2ZyB3aWR0aD0iMSIgaGVpZ2h0PSIxIiB4bWxucz0iaHR0cDovL3d3dy53My5vcmcvMjAwMC9zdmciPjwvc3ZnPg==\" \/><\/p>\n<p style=\"text-align: justify;\">Al menos 11 personas murieron en Colombia como consecuencia de una explosi\u00f3n en cinco minas de carb\u00f3n en la vereda El Caj\u00f3n, del municipio de Sutatausa, en Cundinamarca mientras otros 10 mineros permanecen atrapados.<\/p>\n<p style=\"text-align: justify;\">\n<p style=\"text-align: justify;\">De acuerdo con las autoridades territoriales, el suceso tuvo lugar sobre las 20H15 horas locales. Los bomberos de Ubat\u00e9, Cogua, Gachancip\u00e1 y Chocont\u00e1 acudieron inmediatamente a la zona mientras fue activado el Cuerpo Regulador de Urgencias y Emergencia (Crue).<\/p>\n<p style=\"text-align: justify;\">\n<p style=\"text-align: justify;\">El comandante del Cuerpo de Bomberos de Cundinamarca, capit\u00e1n \u00c1lvaro Farf\u00e1n, declar\u00f3 a medios locales que \u201cse presenta una fuerte explosi\u00f3n en una mina en jurisdicci\u00f3n de Sutatausa. Siete de los mineros lograron salir por sus propios medios\u201d.<\/p>\n<p style=\"text-align: justify;\">\n<p style=\"text-align: justify;\">A su vez, el gobernador de Cundinamarca, Nicol\u00e1s Garc\u00eda, apunt\u00f3 que \u201cdurante toda la noche equipos de socorro se han entregado en cuerpo y alma a atender la emergencia en la mina de Sutatausa\u201d.<\/p>\n<p style=\"text-align: justify;\">\n<p style=\"text-align: justify;\">\u201cYa han tenido contacto los rescatistas con los muertos, hemos rescatados seis, pero ya llegaron a donde se encuentran. La realidad muestra que cada minuto que pasa es menos tiempo de ox\u00edgeno, ya que est\u00e1n a 900 metros de profundidad\u201d, a\u00f1adi\u00f3.<\/p>\n<p style=\"text-align: justify;\">\n<p style=\"text-align: justify;\">No obstante, las autoridades precisaron que la extracci\u00f3n de los cuerpos se lleva a cabo con cuerdas mientras destacaron que lamentablemente existes escasas posibilidades de encontrar vivos a los atrapados.<\/p>\n<p style=\"text-align: justify;\">\n<p style=\"text-align: justify;\">Asimismo, fuentes locales enfatizan que las minas son legales, entretanto, si bien a\u00fan se investigan las causas de la explosi\u00f3n, preliminarmente se estima que la acumulaci\u00f3n de gases haya originado el presunto accidente.<\/p>\n<p style=\"text-align: justify;\">\n<p style=\"text-align: justify;\">En este sentido, Farf\u00e1n se\u00f1al\u00f3 que las minas \u201cestaban llenas de gas metano y, adem\u00e1s, polvo de carb\u00f3n. Estas cinco minas est\u00e1n comunicadas entre s\u00ed y hubo una reacci\u00f3n en cadena. Se genera la explosi\u00f3n de una mina y posteriormente las otras cuatro\u201d.<\/p>\n","protected":false},"excerpt":{"rendered":"<p>Los bomberos de Ubat\u00e9, Cogua, Gachancip\u00e1 y Chocont\u00e1 acudieron inmediatamente a la zona mientras fue<\/p>\n","protected":false},"author":1,"featured_media":0,"comment_status":"open","ping_status":"open","sticky":false,"template":"","format":"standard","meta":{"footnotes":""},"categories":[16],"tags":[],"class_list":["post-3923","post","type-post","status-publish","format-standard","hentry","category-internacionales"],"_links":{"self":[{"href":"https:\/\/defrentealaverdad.com\/index.php\/wp-json\/wp\/v2\/posts\/3923","targetHints":{"allow":["GET"]}}],"collection":[{"href":"https:\/\/defrentealaverdad.com\/index.php\/wp-json\/wp\/v2\/posts"}],"about":[{"href":"https:\/\/defrentealaverdad.com\/index.php\/wp-json\/wp\/v2\/types\/post"}],"author":[{"embeddable":true,"href":"https:\/\/defrentealaverdad.com\/index.php\/wp-json\/wp\/v2\/users\/1"}],"replies":[{"embeddable":true,"href":"https:\/\/defrentealaverdad.com\/index.php\/wp-json\/wp\/v2\/comments?post=3923"}],"version-history":[{"count":1,"href":"https:\/\/defrentealaverdad.com\/index.php\/wp-json\/wp\/v2\/posts\/3923\/revisions"}],"predecessor-version":[{"id":3924,"href":"https:\/\/defrentealaverdad.com\/index.php\/wp-json\/wp\/v2\/posts\/3923\/revisions\/3924"}],"wp:attachment":[{"href":"https:\/\/defrentealaverdad.com\/index.php\/wp-json\/wp\/v2\/media?parent=3923"}],"wp:term":[{"taxonomy":"category","embeddable":true,"href":"https:\/\/defrentealaverdad.com\/index.php\/wp-json\/wp\/v2\/categories?post=3923"},{"taxonomy":"post_tag","embeddable":true,"href":"https:\/\/defrentealaverdad.com\/index.php\/wp-json\/wp\/v2\/tags?post=3923"}],"curies":[{"name":"wp","href":"https:\/\/api.w.org\/{rel}","templated":true}]}}