{"id":3921,"date":"2023-03-15T15:17:45","date_gmt":"2023-03-15T15:17:45","guid":{"rendered":"https:\/\/defrentealaverdad.com\/?p=3921"},"modified":"2023-03-15T15:17:45","modified_gmt":"2023-03-15T15:17:45","slug":"puerto-plata-musico-intenta-salvar-a-extranjero-de-ahogarse-y-terminan-muriendo","status":"publish","type":"post","link":"https:\/\/defrentealaverdad.com\/index.php\/2023\/03\/15\/puerto-plata-musico-intenta-salvar-a-extranjero-de-ahogarse-y-terminan-muriendo\/","title":{"rendered":"Puerto Plata: M\u00fasico intenta salvar a extranjero de ahogarse y terminan muriendo"},"content":{"rendered":"<p><img decoding=\"async\" data-src=\"https:\/\/elfarolatino.com\/wp-content\/uploads\/2023\/03\/Letty-Adino-3-e1678824207218-750x376-1.png\" src=\"data:image\/svg+xml;base64,PHN2ZyB3aWR0aD0iMSIgaGVpZ2h0PSIxIiB4bWxucz0iaHR0cDovL3d3dy53My5vcmcvMjAwMC9zdmciPjwvc3ZnPg==\" class=\"lazyload\" \/><\/p>\n<p>PUERTO PLATA.- En la Playa Costambar un joven m\u00fasico muri\u00f3 ahogado al intentar salvar a un extranjero que luchaba por su vida en las aguas del oc\u00e9ano y que al final termin\u00f3 falleciendo.<\/p>\n<p>El m\u00fasico fue identificado como Angelo Rosario, mientras la otra persona muerta no fue identificada.<\/p>\n<p>Angelo resid\u00eda en la comunidad de San Marcos.<\/p>\n<p>&nbsp;<\/p>\n<p>Fuente: El Faro Latino<\/p>\n","protected":false},"excerpt":{"rendered":"<p>PUERTO PLATA.- En la Playa Costambar un joven m\u00fasico muri\u00f3 ahogado al intentar salvar a<\/p>\n","protected":false},"author":1,"featured_media":0,"comment_status":"open","ping_status":"open","sticky":false,"template":"","format":"standard","meta":{"footnotes":""},"categories":[7],"tags":[],"class_list":["post-3921","post","type-post","status-publish","format-standard","hentry","category-nacionales"],"_links":{"self":[{"href":"https:\/\/defrentealaverdad.com\/index.php\/wp-json\/wp\/v2\/posts\/3921","targetHints":{"allow":["GET"]}}],"collection":[{"href":"https:\/\/defrentealaverdad.com\/index.php\/wp-json\/wp\/v2\/posts"}],"about":[{"href":"https:\/\/defrentealaverdad.com\/index.php\/wp-json\/wp\/v2\/types\/post"}],"author":[{"embeddable":true,"href":"https:\/\/defrentealaverdad.com\/index.php\/wp-json\/wp\/v2\/users\/1"}],"replies":[{"embeddable":true,"href":"https:\/\/defrentealaverdad.com\/index.php\/wp-json\/wp\/v2\/comments?post=3921"}],"version-history":[{"count":1,"href":"https:\/\/defrentealaverdad.com\/index.php\/wp-json\/wp\/v2\/posts\/3921\/revisions"}],"predecessor-version":[{"id":3922,"href":"https:\/\/defrentealaverdad.com\/index.php\/wp-json\/wp\/v2\/posts\/3921\/revisions\/3922"}],"wp:attachment":[{"href":"https:\/\/defrentealaverdad.com\/index.php\/wp-json\/wp\/v2\/media?parent=3921"}],"wp:term":[{"taxonomy":"category","embeddable":true,"href":"https:\/\/defrentealaverdad.com\/index.php\/wp-json\/wp\/v2\/categories?post=3921"},{"taxonomy":"post_tag","embeddable":true,"href":"https:\/\/defrentealaverdad.com\/index.php\/wp-json\/wp\/v2\/tags?post=3921"}],"curies":[{"name":"wp","href":"https:\/\/api.w.org\/{rel}","templated":true}]}}