{"id":39150,"date":"2025-02-10T17:57:46","date_gmt":"2025-02-10T17:57:46","guid":{"rendered":"https:\/\/defrentealaverdad.com\/?p=39150"},"modified":"2025-02-11T01:00:09","modified_gmt":"2025-02-11T01:00:09","slug":"alcaldia-lanza-concurso-ilustra-sde-para-destacar-la-esencia-del-municipio","status":"publish","type":"post","link":"https:\/\/defrentealaverdad.com\/index.php\/2025\/02\/10\/alcaldia-lanza-concurso-ilustra-sde-para-destacar-la-esencia-del-municipio\/","title":{"rendered":"Alcald\u00eda lanza concurso ILUSTRA SDE para destacar la esencia del municipio\u00a0"},"content":{"rendered":"<p style=\"text-align: justify;\">Santo Domingo Este.- El Ayuntamiento de Santo Domingo Este anuncia el concurso ILUSTRA SDE, una iniciativa que invita a artistas y creativos a plasmar la identidad y belleza de nuestro municipio, a trav\u00e9s de la ilustraci\u00f3n<\/p>\n<p style=\"text-align: justify;\">El per\u00edodo para la recepci\u00f3n de propuestas estar\u00e1 abierto desde el 23 de enero hasta el 13 de febrero de 2025. Las obras seleccionadas ser\u00e1n impresas y exhibidas durante un acto en <img decoding=\"async\" class=\"size-medium wp-image-39138 alignleft lazyload\" data-src=\"https:\/\/defrentealaverdad.com\/wp-content\/uploads\/2025\/02\/IMG-20250210-WA0122-239x300.jpg\" alt=\"\" width=\"239\" height=\"300\" data-srcset=\"https:\/\/defrentealaverdad.com\/wp-content\/uploads\/2025\/02\/IMG-20250210-WA0122-239x300.jpg 239w, https:\/\/defrentealaverdad.com\/wp-content\/uploads\/2025\/02\/IMG-20250210-WA0122-815x1024.jpg 815w, https:\/\/defrentealaverdad.com\/wp-content\/uploads\/2025\/02\/IMG-20250210-WA0122-768x965.jpg 768w, https:\/\/defrentealaverdad.com\/wp-content\/uploads\/2025\/02\/IMG-20250210-WA0122-1223x1536.jpg 1223w, https:\/\/defrentealaverdad.com\/wp-content\/uploads\/2025\/02\/IMG-20250210-WA0122.jpg 1274w\" data-sizes=\"(max-width: 239px) 100vw, 239px\" src=\"data:image\/svg+xml;base64,PHN2ZyB3aWR0aD0iMSIgaGVpZ2h0PSIxIiB4bWxucz0iaHR0cDovL3d3dy53My5vcmcvMjAwMC9zdmciPjwvc3ZnPg==\" style=\"--smush-placeholder-width: 239px; --smush-placeholder-aspect-ratio: 239\/300;\" \/>el lobby de la Alcald\u00eda, brindando a la comunidad una representaci\u00f3n visual del patrimonio y los lugares emblem\u00e1ticos de Santo Domingo Este.<\/p>\n<p style=\"text-align: justify;\"><strong>Bases del concurso<\/strong><\/p>\n<p style=\"text-align: justify;\">\u00a0\u2022 Elegibilidad: Abierto a personas mayores de 15 a\u00f1os.<\/p>\n<p style=\"text-align: justify;\">\u00a0\u2022 Tema: Las ilustraciones deben destacar lugares relevantes de Santo Domingo Este y ser completamente originales. Est\u00e1 prohibido el uso de inteligencia artificial.<\/p>\n<p style=\"text-align: justify;\">\u00a0\u2022 Formato de presentaci\u00f3n: Se recibir\u00e1n ilustraciones en formato JPEG con dimensiones de 30 cm x 30 cm y resoluci\u00f3n m\u00ednima de 250 dpi. En caso de ser una pieza no digital, deber\u00e1 ser escaneada antes del env\u00edo.<\/p>\n<p style=\"text-align: justify;\">\u00a0\u2022 Fecha l\u00edmite de env\u00edo: 13 de febrero de 2025 a la medianoche. Las propuestas enviadas despu\u00e9s de esta fecha no ser\u00e1n consideradas.<\/p>\n<p style=\"text-align: justify;\">\u00a0\u2022 N\u00famero de obras: Cada participante podr\u00e1 enviar solo una pieza gr\u00e1fica.<\/p>\n<p style=\"text-align: justify;\">\u00a0\u2022 Evaluaci\u00f3n: Las obras ser\u00e1n seleccionadas con base en su creatividad, originalidad e interpretaci\u00f3n del tema.<\/p>\n<p style=\"text-align: justify;\"><strong><img decoding=\"async\" class=\"size-medium wp-image-39137 alignright lazyload\" data-src=\"https:\/\/defrentealaverdad.com\/wp-content\/uploads\/2025\/02\/IMG-20250210-WA0121-240x300.jpg\" alt=\"\" width=\"240\" height=\"300\" data-srcset=\"https:\/\/defrentealaverdad.com\/wp-content\/uploads\/2025\/02\/IMG-20250210-WA0121-240x300.jpg 240w, https:\/\/defrentealaverdad.com\/wp-content\/uploads\/2025\/02\/IMG-20250210-WA0121-819x1024.jpg 819w, https:\/\/defrentealaverdad.com\/wp-content\/uploads\/2025\/02\/IMG-20250210-WA0121-768x960.jpg 768w, https:\/\/defrentealaverdad.com\/wp-content\/uploads\/2025\/02\/IMG-20250210-WA0121-1229x1536.jpg 1229w, https:\/\/defrentealaverdad.com\/wp-content\/uploads\/2025\/02\/IMG-20250210-WA0121.jpg 1280w\" data-sizes=\"(max-width: 240px) 100vw, 240px\" src=\"data:image\/svg+xml;base64,PHN2ZyB3aWR0aD0iMSIgaGVpZ2h0PSIxIiB4bWxucz0iaHR0cDovL3d3dy53My5vcmcvMjAwMC9zdmciPjwvc3ZnPg==\" style=\"--smush-placeholder-width: 240px; --smush-placeholder-aspect-ratio: 240\/300;\" \/>Premios<\/strong><\/p>\n<p style=\"text-align: justify;\">Los ganadores ser\u00e1n anunciados a trav\u00e9s de nuestras redes sociales antes del 20 de febrero de 2025 y recibir\u00e1n los siguientes premios:<\/p>\n<p style=\"text-align: justify;\">\u00a0\u2022 1.er lugar: RD$100,000<\/p>\n<p style=\"text-align: justify;\">\u00a0\u2022 2.do lugar: RD$75,000<\/p>\n<p style=\"text-align: justify;\">\u00a0\u2022 3.er lugar: RD$50,000<\/p>\n<p style=\"text-align: justify;\"><strong>Derechos y condiciones<\/strong><\/p>\n<p style=\"text-align: justify;\">Al participar, los concursantes otorgan al organizador el derecho de utilizar las ilustraciones para fines promocionales de la ciudad. El Ayuntamiento de Santo Domingo Este se reserva el derecho de descalificar a quienes no cumplan con las bases establecidas.<\/p>\n<p style=\"text-align: justify;\">Participar en ILUSTRA SDE implica la aceptaci\u00f3n de todas las bases establecidas.<\/p>\n<p style=\"text-align: justify;\"><strong>Env\u00edo de propuestas<\/strong><\/p>\n<p style=\"text-align: justify;\">Los interesados deben enviar sus ilustraciones al correo oficial: marcaciudad@asde.gov.do.<\/p>\n<p style=\"text-align: justify;\">Para m\u00e1s informaci\u00f3n, sigue nuestras redes sociales y forma parte de este proyecto que celebra el talento y la identidad de Santo Domingo Este.<\/p>\n<p>Fuente: Prensa ASDE<\/p>\n","protected":false},"excerpt":{"rendered":"<p>Santo Domingo Este.- El Ayuntamiento de Santo Domingo Este anuncia el concurso ILUSTRA SDE, una<\/p>\n","protected":false},"author":4,"featured_media":39152,"comment_status":"open","ping_status":"open","sticky":false,"template":"","format":"standard","meta":{"footnotes":""},"categories":[7],"tags":[],"class_list":["post-39150","post","type-post","status-publish","format-standard","has-post-thumbnail","hentry","category-nacionales"],"_links":{"self":[{"href":"https:\/\/defrentealaverdad.com\/index.php\/wp-json\/wp\/v2\/posts\/39150","targetHints":{"allow":["GET"]}}],"collection":[{"href":"https:\/\/defrentealaverdad.com\/index.php\/wp-json\/wp\/v2\/posts"}],"about":[{"href":"https:\/\/defrentealaverdad.com\/index.php\/wp-json\/wp\/v2\/types\/post"}],"author":[{"embeddable":true,"href":"https:\/\/defrentealaverdad.com\/index.php\/wp-json\/wp\/v2\/users\/4"}],"replies":[{"embeddable":true,"href":"https:\/\/defrentealaverdad.com\/index.php\/wp-json\/wp\/v2\/comments?post=39150"}],"version-history":[{"count":2,"href":"https:\/\/defrentealaverdad.com\/index.php\/wp-json\/wp\/v2\/posts\/39150\/revisions"}],"predecessor-version":[{"id":39154,"href":"https:\/\/defrentealaverdad.com\/index.php\/wp-json\/wp\/v2\/posts\/39150\/revisions\/39154"}],"wp:featuredmedia":[{"embeddable":true,"href":"https:\/\/defrentealaverdad.com\/index.php\/wp-json\/wp\/v2\/media\/39152"}],"wp:attachment":[{"href":"https:\/\/defrentealaverdad.com\/index.php\/wp-json\/wp\/v2\/media?parent=39150"}],"wp:term":[{"taxonomy":"category","embeddable":true,"href":"https:\/\/defrentealaverdad.com\/index.php\/wp-json\/wp\/v2\/categories?post=39150"},{"taxonomy":"post_tag","embeddable":true,"href":"https:\/\/defrentealaverdad.com\/index.php\/wp-json\/wp\/v2\/tags?post=39150"}],"curies":[{"name":"wp","href":"https:\/\/api.w.org\/{rel}","templated":true}]}}