{"id":39148,"date":"2025-02-10T10:40:59","date_gmt":"2025-02-10T10:40:59","guid":{"rendered":"https:\/\/defrentealaverdad.com\/?p=39148"},"modified":"2025-02-11T00:42:19","modified_gmt":"2025-02-11T00:42:19","slug":"carolina-mejia-habla-sobre-responsabilidad-ciudadana-y-reciclaje-en-liceo-de-los-rios","status":"publish","type":"post","link":"https:\/\/defrentealaverdad.com\/index.php\/2025\/02\/10\/carolina-mejia-habla-sobre-responsabilidad-ciudadana-y-reciclaje-en-liceo-de-los-rios\/","title":{"rendered":"Carolina Mej\u00eda habla sobre responsabilidad ciudadana y reciclaje en liceo de Los R\u00edos"},"content":{"rendered":"<blockquote>\n<p style=\"text-align: justify;\">La alcaldesa comparti\u00f3 con estudiantes del liceo Profesor Germ\u00e1n Mart\u00ednez<\/p>\n<\/blockquote>\n<p style=\"text-align: justify;\"><strong>Santo Domingo, DN<\/strong> &#8211; La alcaldesa Carolina Mej\u00eda convers\u00f3 con los j\u00f3venes del liceo Profesor Germ\u00e1n Mart\u00ednez Tav\u00e1rez sobre el reciclaje, responsabilidad ciudadana y las funciones del cabildo.<\/p>\n<p style=\"text-align: justify;\">En el sal\u00f3n multiusos de este centro ubicado en Los R\u00edos, los estudiantes de cuarto, quinto y sexto expresaron con mucho entusiasmo sus inquietudes a la alcaldesa y se comprometieron a ser entes de ejemplo en su comunidad.<\/p>\n<p style=\"text-align: justify;\">Como parte del programa La Alcald\u00eda Llega a Ti, la ejecutiva municipal resalt\u00f3 la limpieza y el orden que tiene este centro educativo. En ese sentido, motiv\u00f3 a los j\u00f3venes para que concienticen a los mun\u00edcipes de esta zona para que repliquen esas buenas condiciones a sus hogares.<\/p>\n<blockquote>\n<p style=\"text-align: justify;\">\u201cYo creo que luego de esta charla, si ustedes asumen tambi\u00e9n esa buena conducta de responsabilidad ciudadana que m\u00e1s all\u00e1 de los derechos tenemos deberes, ustedes pueden servir de multiplicadores para que nosotros vivamos en espacios m\u00e1s ordenados y limpios, yo creo que vamos a lograr cosas maravillosas\u201d, dijo Mej\u00eda.<\/p>\n<\/blockquote>\n<p style=\"text-align: justify;\">Adem\u00e1s, habl\u00f3 sobre el programa Pl\u00e1sticos por Juguetes y Pl\u00e1sticos por Escolares, resaltando que lo importante del mismo es tener la oportunidad de darle un mejor manejo a los desechos y la conciencia del uso de los pl\u00e1sticos.<\/p>\n<p style=\"text-align: justify;\">Tambi\u00e9n comparti\u00f3 la importancia que tiene el programa Parques para Todos, con el que se han transformado vertederos en espacios recreativos como parques y plazas, que hoy son actos para la sana recreaci\u00f3n de toda la familia.<\/p>\n<blockquote>\n<p style=\"text-align: justify;\">\u201cLos j\u00f3venes necesitan una recreaci\u00f3n sana, lugares d\u00f3nde hacer deporte, compartir en familia y amigos, d\u00f3nde sentarse, meditar y reflexionar; as\u00ed tambi\u00e9n los adultos mayores\u201d, expres\u00f3 Carolina Mej\u00eda.<\/p>\n<\/blockquote>\n<p style=\"text-align: justify;\">Al resaltar que se debe continuar con esta iniciativa, agradeci\u00f3 el apoyo brindado por el sector privado.<\/p>\n<p style=\"text-align: justify;\">Mej\u00eda, al compartir su experiencia como alcaldesa, expres\u00f3 lo regocijada que siente de poder servirle con amor a los ciudadanos.<\/p>\n<blockquote>\n<p style=\"text-align: justify;\">\u201cEstar aqu\u00ed y trabajar para ustedes y para los capitale\u00f1os en general ha sido un gran privilegio que me han dado. Trabajo con much\u00edsimo amor y por eso estoy aqu\u00ed, por amor y porque quiero para Los R\u00edos y para ustedes, que haya mejores condiciones de vida, que no lo podemos garantizar solamente las autoridades, que tenemos que trabajarlo con ustedes que son los que viven aqu\u00ed en el barrio y merecen un mejor lugar\u201d, se\u00f1al\u00f3 la alcaldesa.<\/p>\n<\/blockquote>\n<p style=\"text-align: justify;\">Una representaci\u00f3n estudiantil con vestimenta alusiva a la patria recibi\u00f3 a la alcaldesa con un baile folcl\u00f3rico y para el cierre le entregaron un presente acompa\u00f1ado de un ramo de flores.<\/p>\n<p style=\"text-align: justify;\">Como parte de este programa, la ejecutiva municipal tambi\u00e9n ha visitado a los estudiantes del Instituto Polit\u00e9cnico Bartolom\u00e9 Vegh, Santo Cura de ARS, Instituto Salesiano Don Bosco, Carol Morgan School, Notre Dame School, Calasanz, MC School, Ashton School y Lux Mundi, donde ha compartido con los j\u00f3venes.<\/p>\n<p>Fuente: Prensa ADN<\/p>\n","protected":false},"excerpt":{"rendered":"<p>La alcaldesa comparti\u00f3 con estudiantes del liceo Profesor Germ\u00e1n Mart\u00ednez Santo Domingo, DN &#8211; La<\/p>\n","protected":false},"author":4,"featured_media":39135,"comment_status":"open","ping_status":"open","sticky":false,"template":"","format":"standard","meta":{"footnotes":""},"categories":[7],"tags":[],"class_list":["post-39148","post","type-post","status-publish","format-standard","has-post-thumbnail","hentry","category-nacionales"],"_links":{"self":[{"href":"https:\/\/defrentealaverdad.com\/index.php\/wp-json\/wp\/v2\/posts\/39148","targetHints":{"allow":["GET"]}}],"collection":[{"href":"https:\/\/defrentealaverdad.com\/index.php\/wp-json\/wp\/v2\/posts"}],"about":[{"href":"https:\/\/defrentealaverdad.com\/index.php\/wp-json\/wp\/v2\/types\/post"}],"author":[{"embeddable":true,"href":"https:\/\/defrentealaverdad.com\/index.php\/wp-json\/wp\/v2\/users\/4"}],"replies":[{"embeddable":true,"href":"https:\/\/defrentealaverdad.com\/index.php\/wp-json\/wp\/v2\/comments?post=39148"}],"version-history":[{"count":1,"href":"https:\/\/defrentealaverdad.com\/index.php\/wp-json\/wp\/v2\/posts\/39148\/revisions"}],"predecessor-version":[{"id":39149,"href":"https:\/\/defrentealaverdad.com\/index.php\/wp-json\/wp\/v2\/posts\/39148\/revisions\/39149"}],"wp:featuredmedia":[{"embeddable":true,"href":"https:\/\/defrentealaverdad.com\/index.php\/wp-json\/wp\/v2\/media\/39135"}],"wp:attachment":[{"href":"https:\/\/defrentealaverdad.com\/index.php\/wp-json\/wp\/v2\/media?parent=39148"}],"wp:term":[{"taxonomy":"category","embeddable":true,"href":"https:\/\/defrentealaverdad.com\/index.php\/wp-json\/wp\/v2\/categories?post=39148"},{"taxonomy":"post_tag","embeddable":true,"href":"https:\/\/defrentealaverdad.com\/index.php\/wp-json\/wp\/v2\/tags?post=39148"}],"curies":[{"name":"wp","href":"https:\/\/api.w.org\/{rel}","templated":true}]}}