{"id":39105,"date":"2025-02-10T23:05:13","date_gmt":"2025-02-10T23:05:13","guid":{"rendered":"https:\/\/defrentealaverdad.com\/?p=39105"},"modified":"2025-02-10T23:05:13","modified_gmt":"2025-02-10T23:05:13","slug":"impacto-y-crecimiento-en-el-seminario-jovenes-3-0","status":"publish","type":"post","link":"https:\/\/defrentealaverdad.com\/index.php\/2025\/02\/10\/impacto-y-crecimiento-en-el-seminario-jovenes-3-0\/","title":{"rendered":"Impacto y crecimiento en el Seminario J\u00f3venes 3.0"},"content":{"rendered":"<p style=\"text-align: justify;\"><strong>Santo Domingo Norte, Guaricano<\/strong> \u2013\u00a0 Febrero de 2025 \u2013 Con un rotundo \u00e9xito se celebr\u00f3 el <img decoding=\"async\" class=\"size-medium wp-image-39111 alignleft lazyload\" data-src=\"https:\/\/defrentealaverdad.com\/wp-content\/uploads\/2025\/02\/IMG-20250210-WA0088-300x200.jpg\" alt=\"\" width=\"300\" height=\"200\" data-srcset=\"https:\/\/defrentealaverdad.com\/wp-content\/uploads\/2025\/02\/IMG-20250210-WA0088-300x200.jpg 300w, https:\/\/defrentealaverdad.com\/wp-content\/uploads\/2025\/02\/IMG-20250210-WA0088-1024x682.jpg 1024w, https:\/\/defrentealaverdad.com\/wp-content\/uploads\/2025\/02\/IMG-20250210-WA0088-768x512.jpg 768w, https:\/\/defrentealaverdad.com\/wp-content\/uploads\/2025\/02\/IMG-20250210-WA0088.jpg 1280w\" data-sizes=\"(max-width: 300px) 100vw, 300px\" src=\"data:image\/svg+xml;base64,PHN2ZyB3aWR0aD0iMSIgaGVpZ2h0PSIxIiB4bWxucz0iaHR0cDovL3d3dy53My5vcmcvMjAwMC9zdmciPjwvc3ZnPg==\" style=\"--smush-placeholder-width: 300px; --smush-placeholder-aspect-ratio: 300\/200;\" \/>Seminario J\u00f3venes 3.0 el pasado domingo 09 de febrero, un evento formativo que reuni\u00f3 a j\u00f3venes comprometidos con su desarrollo personal y liderazgo.<\/p>\n<p style=\"text-align: justify;\">Este importante espacio de aprendizaje fue posible gracias al respaldo del Ingeniero Sandy<img decoding=\"async\" class=\"size-medium wp-image-39110 alignright lazyload\" data-src=\"https:\/\/defrentealaverdad.com\/wp-content\/uploads\/2025\/02\/IMG-20250210-WA0089-200x300.jpg\" alt=\"\" width=\"200\" height=\"300\" data-srcset=\"https:\/\/defrentealaverdad.com\/wp-content\/uploads\/2025\/02\/IMG-20250210-WA0089-200x300.jpg 200w, https:\/\/defrentealaverdad.com\/wp-content\/uploads\/2025\/02\/IMG-20250210-WA0089-682x1024.jpg 682w, https:\/\/defrentealaverdad.com\/wp-content\/uploads\/2025\/02\/IMG-20250210-WA0089-768x1152.jpg 768w, https:\/\/defrentealaverdad.com\/wp-content\/uploads\/2025\/02\/IMG-20250210-WA0089.jpg 853w\" data-sizes=\"(max-width: 200px) 100vw, 200px\" src=\"data:image\/svg+xml;base64,PHN2ZyB3aWR0aD0iMSIgaGVpZ2h0PSIxIiB4bWxucz0iaHR0cDovL3d3dy53My5vcmcvMjAwMC9zdmciPjwvc3ZnPg==\" style=\"--smush-placeholder-width: 200px; --smush-placeholder-aspect-ratio: 200\/300;\" \/> de la Cruz y la Fundaci\u00f3n Sandy, cuyo apoyo permiti\u00f3 que decenas de participantes accedieron a herramientas clave para su crecimiento.<\/p>\n<p style=\"text-align: justify;\">El seminario, organizado por Esteban Gir\u00f3n, se estructur\u00f3 en tres pilares fundamentales: \u00bfQui\u00e9n eres t\u00fa?, Multiplicaci\u00f3n y Crecimiento, y Liderazgo Efectivo. Las conferencias estuvieron <img decoding=\"async\" class=\"size-medium wp-image-39109 alignleft lazyload\" data-src=\"https:\/\/defrentealaverdad.com\/wp-content\/uploads\/2025\/02\/IMG-20250210-WA0094-200x300.jpg\" alt=\"\" width=\"200\" height=\"300\" data-srcset=\"https:\/\/defrentealaverdad.com\/wp-content\/uploads\/2025\/02\/IMG-20250210-WA0094-200x300.jpg 200w, https:\/\/defrentealaverdad.com\/wp-content\/uploads\/2025\/02\/IMG-20250210-WA0094-682x1024.jpg 682w, https:\/\/defrentealaverdad.com\/wp-content\/uploads\/2025\/02\/IMG-20250210-WA0094-768x1152.jpg 768w, https:\/\/defrentealaverdad.com\/wp-content\/uploads\/2025\/02\/IMG-20250210-WA0094.jpg 853w\" data-sizes=\"(max-width: 200px) 100vw, 200px\" src=\"data:image\/svg+xml;base64,PHN2ZyB3aWR0aD0iMSIgaGVpZ2h0PSIxIiB4bWxucz0iaHR0cDovL3d3dy53My5vcmcvMjAwMC9zdmciPjwvc3ZnPg==\" style=\"--smush-placeholder-width: 200px; --smush-placeholder-aspect-ratio: 200\/300;\" \/>a cargo de destacados profesionales: el Lic. Natali Mercedes, la Lcda. Leydi Arias y el Lic. Fernando Saint Hilaire, quienes compartieron su conocimiento y experiencia para inspirar a los asistentes.<\/p>\n<p style=\"text-align: justify;\">El evento cont\u00f3 con la participaci\u00f3n art\u00edsticas y con la presencia de diversas personalidades que se dieron cita en Santo Domingo Norte,<img decoding=\"async\" class=\"size-medium wp-image-39108 alignright lazyload\" data-src=\"https:\/\/defrentealaverdad.com\/wp-content\/uploads\/2025\/02\/IMG-20250210-WA0090-200x300.jpg\" alt=\"\" width=\"200\" height=\"300\" data-srcset=\"https:\/\/defrentealaverdad.com\/wp-content\/uploads\/2025\/02\/IMG-20250210-WA0090-200x300.jpg 200w, https:\/\/defrentealaverdad.com\/wp-content\/uploads\/2025\/02\/IMG-20250210-WA0090-682x1024.jpg 682w, https:\/\/defrentealaverdad.com\/wp-content\/uploads\/2025\/02\/IMG-20250210-WA0090-768x1152.jpg 768w, https:\/\/defrentealaverdad.com\/wp-content\/uploads\/2025\/02\/IMG-20250210-WA0090.jpg 853w\" data-sizes=\"(max-width: 200px) 100vw, 200px\" src=\"data:image\/svg+xml;base64,PHN2ZyB3aWR0aD0iMSIgaGVpZ2h0PSIxIiB4bWxucz0iaHR0cDovL3d3dy53My5vcmcvMjAwMC9zdmciPjwvc3ZnPg==\" style=\"--smush-placeholder-width: 200px; --smush-placeholder-aspect-ratio: 200\/300;\" \/> Guaricano, demostrando su inter\u00e9s en el desarrollo de la juventud.<\/p>\n<p style=\"text-align: justify;\">El Seminario J\u00f3venes 3.0 y la Fundaci\u00f3n Sandy reafirman su compromiso con la formaci\u00f3n de nuevas generaciones, brindando espacios de aprendizaje y crecimiento.<\/p>\n<p>Fuente: Fox Media Group<\/p>\n","protected":false},"excerpt":{"rendered":"<p>Santo Domingo Norte, Guaricano \u2013\u00a0 Febrero de 2025 \u2013 Con un rotundo \u00e9xito se celebr\u00f3<\/p>\n","protected":false},"author":4,"featured_media":39106,"comment_status":"open","ping_status":"open","sticky":false,"template":"","format":"standard","meta":{"footnotes":""},"categories":[7],"tags":[],"class_list":["post-39105","post","type-post","status-publish","format-standard","has-post-thumbnail","hentry","category-nacionales"],"_links":{"self":[{"href":"https:\/\/defrentealaverdad.com\/index.php\/wp-json\/wp\/v2\/posts\/39105","targetHints":{"allow":["GET"]}}],"collection":[{"href":"https:\/\/defrentealaverdad.com\/index.php\/wp-json\/wp\/v2\/posts"}],"about":[{"href":"https:\/\/defrentealaverdad.com\/index.php\/wp-json\/wp\/v2\/types\/post"}],"author":[{"embeddable":true,"href":"https:\/\/defrentealaverdad.com\/index.php\/wp-json\/wp\/v2\/users\/4"}],"replies":[{"embeddable":true,"href":"https:\/\/defrentealaverdad.com\/index.php\/wp-json\/wp\/v2\/comments?post=39105"}],"version-history":[{"count":1,"href":"https:\/\/defrentealaverdad.com\/index.php\/wp-json\/wp\/v2\/posts\/39105\/revisions"}],"predecessor-version":[{"id":39112,"href":"https:\/\/defrentealaverdad.com\/index.php\/wp-json\/wp\/v2\/posts\/39105\/revisions\/39112"}],"wp:featuredmedia":[{"embeddable":true,"href":"https:\/\/defrentealaverdad.com\/index.php\/wp-json\/wp\/v2\/media\/39106"}],"wp:attachment":[{"href":"https:\/\/defrentealaverdad.com\/index.php\/wp-json\/wp\/v2\/media?parent=39105"}],"wp:term":[{"taxonomy":"category","embeddable":true,"href":"https:\/\/defrentealaverdad.com\/index.php\/wp-json\/wp\/v2\/categories?post=39105"},{"taxonomy":"post_tag","embeddable":true,"href":"https:\/\/defrentealaverdad.com\/index.php\/wp-json\/wp\/v2\/tags?post=39105"}],"curies":[{"name":"wp","href":"https:\/\/api.w.org\/{rel}","templated":true}]}}