{"id":39083,"date":"2025-02-10T14:49:54","date_gmt":"2025-02-10T14:49:54","guid":{"rendered":"https:\/\/defrentealaverdad.com\/?p=39083"},"modified":"2025-02-10T22:52:46","modified_gmt":"2025-02-10T22:52:46","slug":"superintendencia-de-vigilancia-y-seguridad-privada-realiza-recorrido-de-supervision-en-la-zona-sur-del-pais","status":"publish","type":"post","link":"https:\/\/defrentealaverdad.com\/index.php\/2025\/02\/10\/superintendencia-de-vigilancia-y-seguridad-privada-realiza-recorrido-de-supervision-en-la-zona-sur-del-pais\/","title":{"rendered":"Superintendencia de Vigilancia y Seguridad Privada realiza recorrido de supervisi\u00f3n en la zona sur del pa\u00eds."},"content":{"rendered":"<p style=\"text-align: justify;\">Por Felix Rubio<\/p>\n<p style=\"text-align: justify;\"><img decoding=\"async\" class=\"size-medium wp-image-39095 alignleft lazyload\" data-src=\"https:\/\/defrentealaverdad.com\/wp-content\/uploads\/2025\/02\/IMG-20250210-WA0018-225x300.jpg\" alt=\"\" width=\"225\" height=\"300\" data-srcset=\"https:\/\/defrentealaverdad.com\/wp-content\/uploads\/2025\/02\/IMG-20250210-WA0018-225x300.jpg 225w, https:\/\/defrentealaverdad.com\/wp-content\/uploads\/2025\/02\/IMG-20250210-WA0018-768x1024.jpg 768w, https:\/\/defrentealaverdad.com\/wp-content\/uploads\/2025\/02\/IMG-20250210-WA0018-1152x1536.jpg 1152w, https:\/\/defrentealaverdad.com\/wp-content\/uploads\/2025\/02\/IMG-20250210-WA0018-450x600.jpg 450w, https:\/\/defrentealaverdad.com\/wp-content\/uploads\/2025\/02\/IMG-20250210-WA0018.jpg 1200w\" data-sizes=\"(max-width: 225px) 100vw, 225px\" src=\"data:image\/svg+xml;base64,PHN2ZyB3aWR0aD0iMSIgaGVpZ2h0PSIxIiB4bWxucz0iaHR0cDovL3d3dy53My5vcmcvMjAwMC9zdmciPjwvc3ZnPg==\" style=\"--smush-placeholder-width: 225px; --smush-placeholder-aspect-ratio: 225\/300;\" \/>Como parte de nuestras estrategias para fortalecer la seguridad privada en la zona sur del pa\u00eds, la Superintendencia de Vigilancia y Seguridad Privada, bajo el liderazgo del Director Ejecutivo, Mayor General Cel\u00edn Rubio Terrero, ERD, realiz\u00f3 un recorrido de supervisi\u00f3n en los puestos de servicio de Pedernales, Barahona, Neiba y Az\u00faa.<img decoding=\"async\" class=\"size-medium wp-image-39092 alignright lazyload\" data-src=\"https:\/\/defrentealaverdad.com\/wp-content\/uploads\/2025\/02\/IMG-20250210-WA0021-225x300.jpg\" alt=\"\" width=\"225\" height=\"300\" data-srcset=\"https:\/\/defrentealaverdad.com\/wp-content\/uploads\/2025\/02\/IMG-20250210-WA0021-225x300.jpg 225w, https:\/\/defrentealaverdad.com\/wp-content\/uploads\/2025\/02\/IMG-20250210-WA0021-768x1024.jpg 768w, https:\/\/defrentealaverdad.com\/wp-content\/uploads\/2025\/02\/IMG-20250210-WA0021-1152x1536.jpg 1152w, https:\/\/defrentealaverdad.com\/wp-content\/uploads\/2025\/02\/IMG-20250210-WA0021-450x600.jpg 450w, https:\/\/defrentealaverdad.com\/wp-content\/uploads\/2025\/02\/IMG-20250210-WA0021.jpg 1200w\" data-sizes=\"(max-width: 225px) 100vw, 225px\" src=\"data:image\/svg+xml;base64,PHN2ZyB3aWR0aD0iMSIgaGVpZ2h0PSIxIiB4bWxucz0iaHR0cDovL3d3dy53My5vcmcvMjAwMC9zdmciPjwvc3ZnPg==\" style=\"--smush-placeholder-width: 225px; --smush-placeholder-aspect-ratio: 225\/300;\" \/><\/p>\n<p style=\"text-align: justify;\">La supervisi\u00f3n, llevada a cabo por la Subdirecci\u00f3n de Operaciones y el departamento de inteligencia, tuvo como objetivo garantizar el estricto cumplimiento de los protocolos de seguridad y optimizar la capacidad de respuesta ante situaciones de emergencia.<\/p>\n<p style=\"text-align: justify;\"><img decoding=\"async\" class=\"size-medium wp-image-39090 alignleft lazyload\" data-src=\"https:\/\/defrentealaverdad.com\/wp-content\/uploads\/2025\/02\/IMG-20250210-WA0023-225x300.jpg\" alt=\"\" width=\"225\" height=\"300\" data-srcset=\"https:\/\/defrentealaverdad.com\/wp-content\/uploads\/2025\/02\/IMG-20250210-WA0023-225x300.jpg 225w, https:\/\/defrentealaverdad.com\/wp-content\/uploads\/2025\/02\/IMG-20250210-WA0023-768x1024.jpg 768w, https:\/\/defrentealaverdad.com\/wp-content\/uploads\/2025\/02\/IMG-20250210-WA0023-450x600.jpg 450w, https:\/\/defrentealaverdad.com\/wp-content\/uploads\/2025\/02\/IMG-20250210-WA0023.jpg 960w\" data-sizes=\"(max-width: 225px) 100vw, 225px\" src=\"data:image\/svg+xml;base64,PHN2ZyB3aWR0aD0iMSIgaGVpZ2h0PSIxIiB4bWxucz0iaHR0cDovL3d3dy53My5vcmcvMjAwMC9zdmciPjwvc3ZnPg==\" style=\"--smush-placeholder-width: 225px; --smush-placeholder-aspect-ratio: 225\/300;\" \/>Con estas acciones, reafirmamos nuestro compromiso de asegurar que el personal de seguridad contin\u00fae desempe\u00f1ando sus funciones con eficiencia, ofreciendo la protecci\u00f3n y el servicio que nuestras comunidades merecen.<\/p>\n<p style=\"text-align: justify;\">Fuente: Superintendencia de Vigilancia y Seguridad Privada<\/p>\n","protected":false},"excerpt":{"rendered":"<p>Por Felix Rubio Como parte de nuestras estrategias para fortalecer la seguridad privada en la<\/p>\n","protected":false},"author":1,"featured_media":39091,"comment_status":"open","ping_status":"open","sticky":false,"template":"","format":"standard","meta":{"footnotes":""},"categories":[7],"tags":[],"class_list":["post-39083","post","type-post","status-publish","format-standard","has-post-thumbnail","hentry","category-nacionales"],"_links":{"self":[{"href":"https:\/\/defrentealaverdad.com\/index.php\/wp-json\/wp\/v2\/posts\/39083","targetHints":{"allow":["GET"]}}],"collection":[{"href":"https:\/\/defrentealaverdad.com\/index.php\/wp-json\/wp\/v2\/posts"}],"about":[{"href":"https:\/\/defrentealaverdad.com\/index.php\/wp-json\/wp\/v2\/types\/post"}],"author":[{"embeddable":true,"href":"https:\/\/defrentealaverdad.com\/index.php\/wp-json\/wp\/v2\/users\/1"}],"replies":[{"embeddable":true,"href":"https:\/\/defrentealaverdad.com\/index.php\/wp-json\/wp\/v2\/comments?post=39083"}],"version-history":[{"count":3,"href":"https:\/\/defrentealaverdad.com\/index.php\/wp-json\/wp\/v2\/posts\/39083\/revisions"}],"predecessor-version":[{"id":39098,"href":"https:\/\/defrentealaverdad.com\/index.php\/wp-json\/wp\/v2\/posts\/39083\/revisions\/39098"}],"wp:featuredmedia":[{"embeddable":true,"href":"https:\/\/defrentealaverdad.com\/index.php\/wp-json\/wp\/v2\/media\/39091"}],"wp:attachment":[{"href":"https:\/\/defrentealaverdad.com\/index.php\/wp-json\/wp\/v2\/media?parent=39083"}],"wp:term":[{"taxonomy":"category","embeddable":true,"href":"https:\/\/defrentealaverdad.com\/index.php\/wp-json\/wp\/v2\/categories?post=39083"},{"taxonomy":"post_tag","embeddable":true,"href":"https:\/\/defrentealaverdad.com\/index.php\/wp-json\/wp\/v2\/tags?post=39083"}],"curies":[{"name":"wp","href":"https:\/\/api.w.org\/{rel}","templated":true}]}}