{"id":39076,"date":"2025-02-09T16:58:05","date_gmt":"2025-02-09T16:58:05","guid":{"rendered":"https:\/\/defrentealaverdad.com\/?p=39076"},"modified":"2025-02-09T16:58:05","modified_gmt":"2025-02-09T16:58:05","slug":"inauguracion-del-remozado-polideportivo-bameso-un-paso-hacia-el-futuro-deportivo-de-la-comunidad","status":"publish","type":"post","link":"https:\/\/defrentealaverdad.com\/index.php\/2025\/02\/09\/inauguracion-del-remozado-polideportivo-bameso-un-paso-hacia-el-futuro-deportivo-de-la-comunidad\/","title":{"rendered":"Inauguraci\u00f3n del Remozado Polideportivo Bameso: Un Paso Hacia el Futuro Deportivo de la Comunidad"},"content":{"rendered":"<p style=\"text-align: justify;\">Hoy, Bameso celebra un hito significativo con la inauguraci\u00f3n del remozado Polideportivo Bameso, un evento que cont\u00f3 con la presencia del presidente Luis Abinader y el ministro de Deportes, Kelvin Cruz. Esta obra representa una inversi\u00f3n crucial en el deporte y la salud de nuestros j\u00f3venes y adultos, fortaleciendo el compromiso con el bienestar de nuestra comunidad.<\/p>\n<p style=\"text-align: justify;\">Durante la ceremonia Jos\u00e9 Augusto Castro Rodr\u00edguez, presidente del club Bameso, dio un sincero agradecimiento a todos los asistentes que hicieron posible este importante logro.<\/p>\n<blockquote>\n<p style=\"text-align: justify;\">\u201cEste es un paso adelante para Bameso, un espacio donde nuestros j\u00f3venes podr\u00e1n desarrollarse y crecer\u201d, afirm\u00f3.<\/p>\n<\/blockquote>\n<p style=\"text-align: justify;\">El ministro Kelvin Cruz destac\u00f3 las instrucciones del presidente Abinader para llevar a cabo este proyecto, subrayando su dedicaci\u00f3n al desarrollo deportivo en el pa\u00eds.<\/p>\n<blockquote>\n<p style=\"text-align: justify;\">\u201cGracias, presidente Luis Abinader, por su compromiso y por escuchar las necesidades del deporte dominicano\u201d, concluy\u00f3.<\/p>\n<\/blockquote>\n<p style=\"text-align: justify;\">Las mejoras realizadas incluyen la instalaci\u00f3n de un nuevo tabloncillo, climatizaci\u00f3n de \u00e1reas clave, renovaci\u00f3n de oficinas y salones m\u00faltiples, as\u00ed como trabajos en la acera perimetral y la construcci\u00f3n de una rampa de acceso. Tambi\u00e9n se remodelaron los ba\u00f1os y la cocina, se repararon \u00e1reas con aluzinc y se colocaron mallas para voleibol, todo ello complementado con una nueva aplicaci\u00f3n de pintura.<\/p>\n<p style=\"text-align: justify;\">Esta remodelaci\u00f3n, no lo representa un cap\u00edtulo, sino tambi\u00e9n el inicio de un nueva historia comunitaria. Este espacio ha sido un pilar para nuestra comunidad durante m\u00e1s de 60 a\u00f1os, donde el deporte se entrelaza con la cultura, como lo manifest\u00f3 Jos\u00e9 Augusto Castro Rodr\u00edguez:<\/p>\n<blockquote>\n<p style=\"text-align: justify;\">\u201cNo solo es deporte, tambi\u00e9n es cultura\u201d.Jose Augusto Castro Rodriguez, en nombre del Club Barrio Mejoramiento Social (Bameso), expres\u00f3<\/p>\n<\/blockquote>\n<p style=\"text-align: justify;\">El evento cont\u00f3 con la presencia de destacados funcionarios como el ministro de Educaci\u00f3n Superior, Ciencia y Tecnolog\u00eda, Franklin Garc\u00eda Ferm\u00edn; el rector del ITLA, Rafael F\u00e9lix Garc\u00eda; el superintendente de Bancos, Alejandro Fern\u00e1ndez; as\u00ed como Maritza L\u00f3pez, presidenta del Idecoop, y Eufracia G\u00f3mez Morillo, presidenta de la Confederaci\u00f3n de Cooperativas del Caribe, Centro y Suram\u00e9rica.<\/p>\n<p style=\"text-align: justify;\">Juntos, sigamos trabajando por un Bameso m\u00e1s fuerte y lleno de oportunidades. Este remozado polideportivo ser\u00e1 un espacio clave para fomentar el deporte y unir a nuestra comunidad.<\/p>\n<p style=\"text-align: justify;\">Fuente: Janet B\u00e1ez<\/p>\n","protected":false},"excerpt":{"rendered":"<p>Hoy, Bameso celebra un hito significativo con la inauguraci\u00f3n del remozado Polideportivo Bameso, un evento<\/p>\n","protected":false},"author":1,"featured_media":39077,"comment_status":"open","ping_status":"open","sticky":false,"template":"","format":"standard","meta":{"footnotes":""},"categories":[7],"tags":[],"class_list":["post-39076","post","type-post","status-publish","format-standard","has-post-thumbnail","hentry","category-nacionales"],"_links":{"self":[{"href":"https:\/\/defrentealaverdad.com\/index.php\/wp-json\/wp\/v2\/posts\/39076","targetHints":{"allow":["GET"]}}],"collection":[{"href":"https:\/\/defrentealaverdad.com\/index.php\/wp-json\/wp\/v2\/posts"}],"about":[{"href":"https:\/\/defrentealaverdad.com\/index.php\/wp-json\/wp\/v2\/types\/post"}],"author":[{"embeddable":true,"href":"https:\/\/defrentealaverdad.com\/index.php\/wp-json\/wp\/v2\/users\/1"}],"replies":[{"embeddable":true,"href":"https:\/\/defrentealaverdad.com\/index.php\/wp-json\/wp\/v2\/comments?post=39076"}],"version-history":[{"count":1,"href":"https:\/\/defrentealaverdad.com\/index.php\/wp-json\/wp\/v2\/posts\/39076\/revisions"}],"predecessor-version":[{"id":39078,"href":"https:\/\/defrentealaverdad.com\/index.php\/wp-json\/wp\/v2\/posts\/39076\/revisions\/39078"}],"wp:featuredmedia":[{"embeddable":true,"href":"https:\/\/defrentealaverdad.com\/index.php\/wp-json\/wp\/v2\/media\/39077"}],"wp:attachment":[{"href":"https:\/\/defrentealaverdad.com\/index.php\/wp-json\/wp\/v2\/media?parent=39076"}],"wp:term":[{"taxonomy":"category","embeddable":true,"href":"https:\/\/defrentealaverdad.com\/index.php\/wp-json\/wp\/v2\/categories?post=39076"},{"taxonomy":"post_tag","embeddable":true,"href":"https:\/\/defrentealaverdad.com\/index.php\/wp-json\/wp\/v2\/tags?post=39076"}],"curies":[{"name":"wp","href":"https:\/\/api.w.org\/{rel}","templated":true}]}}