{"id":39049,"date":"2025-02-08T21:12:05","date_gmt":"2025-02-08T21:12:05","guid":{"rendered":"https:\/\/defrentealaverdad.com\/?p=39049"},"modified":"2025-02-09T14:13:41","modified_gmt":"2025-02-09T14:13:41","slug":"indomet-cancela-aviso-preliminar-por-tsunami-en-rd-tras-evaluacion-de-riesgos","status":"publish","type":"post","link":"https:\/\/defrentealaverdad.com\/index.php\/2025\/02\/08\/indomet-cancela-aviso-preliminar-por-tsunami-en-rd-tras-evaluacion-de-riesgos\/","title":{"rendered":"Indomet cancela aviso preliminar por Tsunami en RD tras evaluaci\u00f3n de riesgos"},"content":{"rendered":"<p style=\"text-align: justify;\">El Instituto Dominicano de Meteorolog\u00eda (INDOMET), inform\u00f3 la cancelaci\u00f3n del aviso preliminar por tsunami para la Rep\u00fablica Dominicana, despu\u00e9s de evaluar las \u00faltimas alertas emitidas por el Centro de Alerta de Tsunamis del Pac\u00edfico. La decisi\u00f3n se tom\u00f3 tras la confirmaci\u00f3n de que la mayor probabilidad de impacto del tsunami ser\u00eda en las naciones cercanas, como Cuba, Islas Caim\u00e1n y Honduras.<\/p>\n<p style=\"text-align: justify;\">El INDOMET explic\u00f3 que, tras consultar con el director del Centro Nacional de Sismolog\u00eda de la UASD, se lleg\u00f3 a la conclusi\u00f3n de que la amenaza para las costas dominicanas hab\u00eda disminuido. En este sentido, el organismo de meteorolog\u00eda notific\u00f3 a la poblaci\u00f3n sobre la cancelaci\u00f3n del aviso de forma oficial, con el objetivo de tranquilizar a la ciudadan\u00eda.<\/p>\n<p style=\"text-align: justify;\">A pesar de la cancelaci\u00f3n del aviso, se siguen recomendando medidas de precauci\u00f3n, especialmente para quienes se encuentren en las zonas costeras.<\/p>\n<p style=\"text-align: justify;\">Puedes leer: COE emite alerta amarilla para todas las costas de RD tras fuerte terremoto en el Caribe<\/p>\n<p><strong>Mantenerse atentos<\/strong><\/p>\n<p style=\"text-align: justify;\">El INDOMET indic\u00f3 que, las corrientes oce\u00e1nicas generadas por el evento s\u00edsmico podr\u00edan mantenerse durante varias horas en las \u00e1reas cercanas al epicentro. Por ello, se exhorta a la poblaci\u00f3n a salir del mar y evitar actividades de navegaci\u00f3n, pesca y recreaci\u00f3n, ya que las fuertes corrientes podr\u00edan generar riesgos de ahogamiento. Tambi\u00e9n, advirtieron sobre el posible da\u00f1o en infraestructuras como muelles, espigones y rompeolas debido al impacto de las olas.<\/p>\n<p style=\"text-align: justify;\">Tambi\u00e9n inst\u00f3 a la ciudadan\u00eda a mantenerse informada a trav\u00e9s del Centro de Operaciones de Emergencia (COE), que contin\u00faa emitiendo actualizaciones sobre la situaci\u00f3n. Las autoridades piden seguir sus indicaciones para garantizar la seguridad de todos.<\/p>\n<p style=\"text-align: justify;\">Informaron que el Centro Nacional de Sismolog\u00eda (CNS) contin\u00faa monitoreando los aspectos s\u00edsmicos de la regi\u00f3n y brindando informaci\u00f3n precisa sobre el evento.<\/p>\n<p style=\"text-align: justify;\">La cancelaci\u00f3n del aviso fue anunciada por los meteor\u00f3logos Juan C. De La Rosa, Carla Morales y Samira Lorenzo, quienes siguen observando la evoluci\u00f3n del fen\u00f3meno.<\/p>\n<p>&nbsp;<\/p>\n<p>Fuente: N Digital<\/p>\n","protected":false},"excerpt":{"rendered":"<p>El Instituto Dominicano de Meteorolog\u00eda (INDOMET), inform\u00f3 la cancelaci\u00f3n del aviso preliminar por tsunami para<\/p>\n","protected":false},"author":1,"featured_media":39051,"comment_status":"open","ping_status":"open","sticky":false,"template":"","format":"standard","meta":{"footnotes":""},"categories":[7],"tags":[],"class_list":["post-39049","post","type-post","status-publish","format-standard","has-post-thumbnail","hentry","category-nacionales"],"_links":{"self":[{"href":"https:\/\/defrentealaverdad.com\/index.php\/wp-json\/wp\/v2\/posts\/39049","targetHints":{"allow":["GET"]}}],"collection":[{"href":"https:\/\/defrentealaverdad.com\/index.php\/wp-json\/wp\/v2\/posts"}],"about":[{"href":"https:\/\/defrentealaverdad.com\/index.php\/wp-json\/wp\/v2\/types\/post"}],"author":[{"embeddable":true,"href":"https:\/\/defrentealaverdad.com\/index.php\/wp-json\/wp\/v2\/users\/1"}],"replies":[{"embeddable":true,"href":"https:\/\/defrentealaverdad.com\/index.php\/wp-json\/wp\/v2\/comments?post=39049"}],"version-history":[{"count":1,"href":"https:\/\/defrentealaverdad.com\/index.php\/wp-json\/wp\/v2\/posts\/39049\/revisions"}],"predecessor-version":[{"id":39050,"href":"https:\/\/defrentealaverdad.com\/index.php\/wp-json\/wp\/v2\/posts\/39049\/revisions\/39050"}],"wp:featuredmedia":[{"embeddable":true,"href":"https:\/\/defrentealaverdad.com\/index.php\/wp-json\/wp\/v2\/media\/39051"}],"wp:attachment":[{"href":"https:\/\/defrentealaverdad.com\/index.php\/wp-json\/wp\/v2\/media?parent=39049"}],"wp:term":[{"taxonomy":"category","embeddable":true,"href":"https:\/\/defrentealaverdad.com\/index.php\/wp-json\/wp\/v2\/categories?post=39049"},{"taxonomy":"post_tag","embeddable":true,"href":"https:\/\/defrentealaverdad.com\/index.php\/wp-json\/wp\/v2\/tags?post=39049"}],"curies":[{"name":"wp","href":"https:\/\/api.w.org\/{rel}","templated":true}]}}