{"id":39046,"date":"2025-02-08T20:50:18","date_gmt":"2025-02-08T20:50:18","guid":{"rendered":"https:\/\/defrentealaverdad.com\/?p=39046"},"modified":"2025-02-09T14:10:42","modified_gmt":"2025-02-09T14:10:42","slug":"indomet-emite-aviso-de-tsunami-para-toda-la-costa-de-rd","status":"publish","type":"post","link":"https:\/\/defrentealaverdad.com\/index.php\/2025\/02\/08\/indomet-emite-aviso-de-tsunami-para-toda-la-costa-de-rd\/","title":{"rendered":"Indomet emite aviso de tsunami para toda la costa de RD"},"content":{"rendered":"<p style=\"text-align: justify;\">El Instituto Diminicano de Meteorolog\u00eda (INDOMET) ha emitido un aviso de tsunami para toda la costa de la Rep\u00fablica Dominicana tras un fuerte sismo registrado esta noche al norte de Honduras.<\/p>\n<p style=\"text-align: justify;\">El movimiento tel\u00farico ocurri\u00f3 a las 7:42 p.m., con una magnitud de 7.6 y una profundidad de 33 kil\u00f3metros. Su epicentro se localiz\u00f3 en la latitud 17.8 N y longitud 82.5 O. Seg\u00fan las autoridades, el fen\u00f3meno podr\u00eda generar olas con potencial de impacto en diversas comunidades costeras del pa\u00eds.<\/p>\n<p style=\"text-align: justify;\">Ante esta situaci\u00f3n, INDOMET recomienda a la poblaci\u00f3n en las zonas costeras trasladarse a terrenos elevados con al menos 20 metros de altura sobre el nivel del mar o movilizarse tierra adentro a una distancia m\u00ednima de 2 kil\u00f3metros. Adem\u00e1s, insta a evitar el acercamiento a playas, r\u00edos y lagunas cercanas a la costa, ya que las olas del tsunami podr\u00edan penetrar por estos cuerpos de agua y causar inundaciones.<\/p>\n<p style=\"text-align: justify;\">Tambi\u00e9n se recomienda a las peque\u00f1as y medianas embarcaciones abstenerse de zarpar en las pr\u00f3ximas horas, debido a la posibilidad de corrientes oce\u00e1nicas peligrosas. Asimismo, se advierte que los impactos del tsunami pueden variar en diferentes puntos de la costa seg\u00fan la profundidad del mar y la forma del litoral<\/p>\n<p style=\"text-align: justify;\">Las autoridades contin\u00faan monitoreando la situaci\u00f3n y se espera la emisi\u00f3n de un nuevo bolet\u00edn con informaci\u00f3n actualizada. Para detalles adicionales sobre la actividad s\u00edsmica, la poblaci\u00f3n puede consultar al Centro Nacional de Sismolog\u00eda (CNS).<\/p>\n<p style=\"text-align: justify;\">Fuente: INDOMET<\/p>\n","protected":false},"excerpt":{"rendered":"<p>El Instituto Diminicano de Meteorolog\u00eda (INDOMET) ha emitido un aviso de tsunami para toda la<\/p>\n","protected":false},"author":1,"featured_media":39048,"comment_status":"open","ping_status":"open","sticky":false,"template":"","format":"standard","meta":{"footnotes":""},"categories":[229],"tags":[],"class_list":["post-39046","post","type-post","status-publish","format-standard","has-post-thumbnail","hentry","category-clima"],"_links":{"self":[{"href":"https:\/\/defrentealaverdad.com\/index.php\/wp-json\/wp\/v2\/posts\/39046","targetHints":{"allow":["GET"]}}],"collection":[{"href":"https:\/\/defrentealaverdad.com\/index.php\/wp-json\/wp\/v2\/posts"}],"about":[{"href":"https:\/\/defrentealaverdad.com\/index.php\/wp-json\/wp\/v2\/types\/post"}],"author":[{"embeddable":true,"href":"https:\/\/defrentealaverdad.com\/index.php\/wp-json\/wp\/v2\/users\/1"}],"replies":[{"embeddable":true,"href":"https:\/\/defrentealaverdad.com\/index.php\/wp-json\/wp\/v2\/comments?post=39046"}],"version-history":[{"count":1,"href":"https:\/\/defrentealaverdad.com\/index.php\/wp-json\/wp\/v2\/posts\/39046\/revisions"}],"predecessor-version":[{"id":39047,"href":"https:\/\/defrentealaverdad.com\/index.php\/wp-json\/wp\/v2\/posts\/39046\/revisions\/39047"}],"wp:featuredmedia":[{"embeddable":true,"href":"https:\/\/defrentealaverdad.com\/index.php\/wp-json\/wp\/v2\/media\/39048"}],"wp:attachment":[{"href":"https:\/\/defrentealaverdad.com\/index.php\/wp-json\/wp\/v2\/media?parent=39046"}],"wp:term":[{"taxonomy":"category","embeddable":true,"href":"https:\/\/defrentealaverdad.com\/index.php\/wp-json\/wp\/v2\/categories?post=39046"},{"taxonomy":"post_tag","embeddable":true,"href":"https:\/\/defrentealaverdad.com\/index.php\/wp-json\/wp\/v2\/tags?post=39046"}],"curies":[{"name":"wp","href":"https:\/\/api.w.org\/{rel}","templated":true}]}}