{"id":39037,"date":"2025-02-09T13:58:12","date_gmt":"2025-02-09T13:58:12","guid":{"rendered":"https:\/\/defrentealaverdad.com\/?p=39037"},"modified":"2025-02-09T13:58:12","modified_gmt":"2025-02-09T13:58:12","slug":"winston-paulino-es-reconocido-como-joven-destacado-de-sde","status":"publish","type":"post","link":"https:\/\/defrentealaverdad.com\/index.php\/2025\/02\/09\/winston-paulino-es-reconocido-como-joven-destacado-de-sde\/","title":{"rendered":"Winston Paulino es reconocido como joven destacado de SDE"},"content":{"rendered":"<p style=\"text-align: justify;\"><strong>Santo Domingo Este, Rep. Dom<\/strong> &#8211; Por su compromiso y aportes al desarrollo de Santo Domingo Este, la direcci\u00f3n de la Juventud de la alcald\u00eda de SDE reconoci\u00f3 a Winston Paulino como joven destacado de ese municipio, en el marco de la entrega de certificados a los finalistas del IV Premio Municipal de la Juventud SDE 2024.<\/p>\n<p style=\"text-align: justify;\">Winston Paulino, quien actualmente es el coordinador de Gabinete del Instituto Tecnol\u00f3gico de las Am\u00e9ricas (ITLA) y ha ocupado var\u00edas posiciones gubernamentales anteriormente, se ha destacado por sus acciones positivas en diferentes comunidades del municipio Santo Domingo Este.<\/p>\n<p style=\"text-align: justify;\">Paulino, tras recibir la condecoraci\u00f3n, manifest\u00f3 su agradecimiento por reconocer su trayectoria como joven que ha contribuido al avance de SDE a trav\u00e9s de sus acciones de car\u00e1cter social y comunitario. Enfatiz\u00f3 que cada m\u00e9rito es un compromiso para seguir siendo un ejemplo para la juventud dominicana.<\/p>\n<blockquote>\n<p style=\"text-align: justify;\">\u201cEs motivo de alegr\u00eda e inspiraci\u00f3n ver a j\u00f3venes recibir este tipo de distinciones, ya que no solo contribuyen a construir un futuro mejor para Santo Domingo Este, sino que tambi\u00e9n sirven de motivaci\u00f3n para que otros no detengan sus sue\u00f1os\u201d, puntualiz\u00f3.<\/p>\n<\/blockquote>\n<p style=\"text-align: justify;\">La actividad estuvo encabezada por \u00c1ngela Henr\u00edquez, vicealcaldesa de Santo Domingo Este, en representaci\u00f3n del alcalde D\u00edo Astacio, y Gabriel Est\u00e9vez, director de Juventud de la Alcald\u00eda de Santo Domingo Este.<\/p>\n<p style=\"text-align: justify;\">En ese mismo encuentro, fueron reconocidos diferentes j\u00f3venes que han realizado aportes al municipio de Santo Domingo Este en \u00e1reas como deportes, superaci\u00f3n y logros personales, fomento y preservaci\u00f3n de los recursos naturales, innovaci\u00f3n municipal juvenil, m\u00e9rito estudiantil preuniversitario, emprendimiento, liderazgo comunitario, destac\u00e1ndose en cultura a nivel nacional, liderazgo pol\u00edtico y otras categor\u00edas m\u00e1s.<\/p>\n<p style=\"text-align: justify;\">Fuente: Direcci\u00f3n de la Juventud de la alcald\u00eda de SDE<\/p>\n","protected":false},"excerpt":{"rendered":"<p>Santo Domingo Este, Rep. Dom &#8211; Por su compromiso y aportes al desarrollo de Santo<\/p>\n","protected":false},"author":4,"featured_media":39038,"comment_status":"open","ping_status":"open","sticky":false,"template":"","format":"standard","meta":{"footnotes":""},"categories":[7],"tags":[],"class_list":["post-39037","post","type-post","status-publish","format-standard","has-post-thumbnail","hentry","category-nacionales"],"_links":{"self":[{"href":"https:\/\/defrentealaverdad.com\/index.php\/wp-json\/wp\/v2\/posts\/39037","targetHints":{"allow":["GET"]}}],"collection":[{"href":"https:\/\/defrentealaverdad.com\/index.php\/wp-json\/wp\/v2\/posts"}],"about":[{"href":"https:\/\/defrentealaverdad.com\/index.php\/wp-json\/wp\/v2\/types\/post"}],"author":[{"embeddable":true,"href":"https:\/\/defrentealaverdad.com\/index.php\/wp-json\/wp\/v2\/users\/4"}],"replies":[{"embeddable":true,"href":"https:\/\/defrentealaverdad.com\/index.php\/wp-json\/wp\/v2\/comments?post=39037"}],"version-history":[{"count":1,"href":"https:\/\/defrentealaverdad.com\/index.php\/wp-json\/wp\/v2\/posts\/39037\/revisions"}],"predecessor-version":[{"id":39039,"href":"https:\/\/defrentealaverdad.com\/index.php\/wp-json\/wp\/v2\/posts\/39037\/revisions\/39039"}],"wp:featuredmedia":[{"embeddable":true,"href":"https:\/\/defrentealaverdad.com\/index.php\/wp-json\/wp\/v2\/media\/39038"}],"wp:attachment":[{"href":"https:\/\/defrentealaverdad.com\/index.php\/wp-json\/wp\/v2\/media?parent=39037"}],"wp:term":[{"taxonomy":"category","embeddable":true,"href":"https:\/\/defrentealaverdad.com\/index.php\/wp-json\/wp\/v2\/categories?post=39037"},{"taxonomy":"post_tag","embeddable":true,"href":"https:\/\/defrentealaverdad.com\/index.php\/wp-json\/wp\/v2\/tags?post=39037"}],"curies":[{"name":"wp","href":"https:\/\/api.w.org\/{rel}","templated":true}]}}