{"id":39016,"date":"2025-02-07T15:42:05","date_gmt":"2025-02-07T15:42:05","guid":{"rendered":"https:\/\/defrentealaverdad.com\/?p=39016"},"modified":"2025-02-08T15:43:56","modified_gmt":"2025-02-08T15:43:56","slug":"miguel-camacho-llama-a-funcionarios-fortalecer-conexion-gobierno-y-poblacion","status":"publish","type":"post","link":"https:\/\/defrentealaverdad.com\/index.php\/2025\/02\/07\/miguel-camacho-llama-a-funcionarios-fortalecer-conexion-gobierno-y-poblacion\/","title":{"rendered":"Miguel Camacho llama a funcionarios fortalecer conexi\u00f3n Gobierno y poblaci\u00f3n"},"content":{"rendered":"<p style=\"text-align: justify;\"><strong>Santo Domingo.-<\/strong> El presidente del movimiento Avanzada Democr\u00e1tica Moderna, ingeniero Miguel Camacho, argument\u00f3 sobre la importancia que reviste para la actual gesti\u00f3n y la organizaci\u00f3n oficialista, que con los nuevos cambios se logre fortalecer la conexi\u00f3n entre el Gobierno y la poblaci\u00f3n.<\/p>\n<blockquote>\n<p style=\"text-align: justify;\">\u201cLos funcionarios que asumen el reto cuando le dan la oportunidad, que entiendan que la mejor manera de ayudar al Gobierno, de ayudar al presidente Luis Abinader, es la intenci\u00f3n de hacer cada vez m\u00e1s cerca el Gobierno a la poblaci\u00f3n dominicana, a su gente\u201d, dijo.<\/p>\n<\/blockquote>\n<p style=\"text-align: justify;\">Agreg\u00f3 que a quienes el mandatario le brinda la oportunidad de asumir posiciones p\u00fablicas, no deben dejar detr\u00e1s a los que fueron <em>\u201cid\u00f3neos canales para llegar al poder\u201d c<\/em>on dos \u00e9xitos consecutivos <em>\u201cen 2020 y posteriormente en 2024\u201d.<\/em><\/p>\n<blockquote>\n<p style=\"text-align: justify;\">\u201cDeben utilizar precisamente para ayudar al presidente a quienes son los m\u00e1s id\u00f3neos canales para poder llegar al pueblo dominicano, que son precisamente los dirigentes, compa\u00f1eros y militantes del PRM que hicieron posible que la conexi\u00f3n haga realidad que nosotros pudi\u00e9ramos ganar las elecciones no solo en el 2020 sino tambi\u00e9n en el 2024\u201d, expres\u00f3 el veterano pol\u00edtico.<\/p>\n<\/blockquote>\n<p style=\"text-align: justify;\">Asimismo, destac\u00f3 que, <em>\u201cel presidente llev\u00f3 a cabo un proceso de remozamiento en su gobierno el pasado fin de semana, con cambios significativos en ministerios claves, y se esperan m\u00e1s en otras instituciones p\u00fablicas\u201d.<\/em><\/p>\n<p style=\"text-align: justify;\">Por \u00faltimo, Miguel Camacho record\u00f3 que a diferencia de otras organizaciones gobernantes, el Partido Revolucionario Moderno (PRM) liderado por el presidente Abinader han democratizado las instituciones del Estado \u201c<em>contrario al secuestro que se produc\u00eda en tiempos pasados\u201d.<\/em><\/p>\n<p style=\"text-align: justify;\">Camachoanifest\u00f3 sobre la preponderacia del PRM politic\u00e1mente hablando:<\/p>\n<blockquote>\n<p style=\"text-align: justify;\">\u201cLa gran mayor\u00eda que tiene el PRM y sus aliados en el Congreso de la Rep\u00fablica, a diferencia de otras ocasiones donde se utilizaba esa mayor\u00eda pr\u00e1cticamente para secuestrar las instituciones a todos los niveles, lo que se ha hecho ahora es para democratizarlas, inclusive cediendo poder\u201d, manifest\u00f3 Camacho.<\/p>\n<\/blockquote>\n<p>Fuente: CRNews<\/p>\n","protected":false},"excerpt":{"rendered":"<p>Santo Domingo.- El presidente del movimiento Avanzada Democr\u00e1tica Moderna, ingeniero Miguel Camacho, argument\u00f3 sobre la<\/p>\n","protected":false},"author":1,"featured_media":38971,"comment_status":"open","ping_status":"open","sticky":false,"template":"","format":"standard","meta":{"footnotes":""},"categories":[7],"tags":[],"class_list":["post-39016","post","type-post","status-publish","format-standard","has-post-thumbnail","hentry","category-nacionales"],"_links":{"self":[{"href":"https:\/\/defrentealaverdad.com\/index.php\/wp-json\/wp\/v2\/posts\/39016","targetHints":{"allow":["GET"]}}],"collection":[{"href":"https:\/\/defrentealaverdad.com\/index.php\/wp-json\/wp\/v2\/posts"}],"about":[{"href":"https:\/\/defrentealaverdad.com\/index.php\/wp-json\/wp\/v2\/types\/post"}],"author":[{"embeddable":true,"href":"https:\/\/defrentealaverdad.com\/index.php\/wp-json\/wp\/v2\/users\/1"}],"replies":[{"embeddable":true,"href":"https:\/\/defrentealaverdad.com\/index.php\/wp-json\/wp\/v2\/comments?post=39016"}],"version-history":[{"count":1,"href":"https:\/\/defrentealaverdad.com\/index.php\/wp-json\/wp\/v2\/posts\/39016\/revisions"}],"predecessor-version":[{"id":39017,"href":"https:\/\/defrentealaverdad.com\/index.php\/wp-json\/wp\/v2\/posts\/39016\/revisions\/39017"}],"wp:featuredmedia":[{"embeddable":true,"href":"https:\/\/defrentealaverdad.com\/index.php\/wp-json\/wp\/v2\/media\/38971"}],"wp:attachment":[{"href":"https:\/\/defrentealaverdad.com\/index.php\/wp-json\/wp\/v2\/media?parent=39016"}],"wp:term":[{"taxonomy":"category","embeddable":true,"href":"https:\/\/defrentealaverdad.com\/index.php\/wp-json\/wp\/v2\/categories?post=39016"},{"taxonomy":"post_tag","embeddable":true,"href":"https:\/\/defrentealaverdad.com\/index.php\/wp-json\/wp\/v2\/tags?post=39016"}],"curies":[{"name":"wp","href":"https:\/\/api.w.org\/{rel}","templated":true}]}}