{"id":39006,"date":"2025-02-07T15:36:37","date_gmt":"2025-02-07T15:36:37","guid":{"rendered":"https:\/\/defrentealaverdad.com\/?p=39006"},"modified":"2025-02-08T15:36:52","modified_gmt":"2025-02-08T15:36:52","slug":"el-consejo-nacional-de-comunicadores-sociales-promueve-el-nacionalismo-positivo-a-traves-de-la-oratoria-en-la-escuela-vocacional-de-santo-domingo-este","status":"publish","type":"post","link":"https:\/\/defrentealaverdad.com\/index.php\/2025\/02\/07\/el-consejo-nacional-de-comunicadores-sociales-promueve-el-nacionalismo-positivo-a-traves-de-la-oratoria-en-la-escuela-vocacional-de-santo-domingo-este\/","title":{"rendered":"El Consejo Nacional de Comunicadores Sociales promueve el nacionalismo positivo a trav\u00e9s de la oratoria en la Escuela Vocacional de Santo Domingo Este"},"content":{"rendered":"<p style=\"text-align: justify;\"><strong>San Isidro, R.D.<\/strong> \u2013 Con el firme compromiso de fortalecer la identidad nacional y las habilidades comunicativas de los j\u00f3venes dominicanos, el Consejo Nacional de Comunicadores Sociales (CNCS) llev\u00f3 a cabo la conferencia <em>\u201cLa Oratoria como herramienta del nacionalismo positivo\u201d<\/em>, en la Escuela Vocacional de Santo Domingo Este en San Isidro.<img decoding=\"async\" class=\"size-medium wp-image-39009 alignleft lazyload\" data-src=\"https:\/\/defrentealaverdad.com\/wp-content\/uploads\/2025\/02\/IMG-20250207-WA0143-300x200.jpg\" alt=\"\" width=\"300\" height=\"200\" data-srcset=\"https:\/\/defrentealaverdad.com\/wp-content\/uploads\/2025\/02\/IMG-20250207-WA0143-300x200.jpg 300w, https:\/\/defrentealaverdad.com\/wp-content\/uploads\/2025\/02\/IMG-20250207-WA0143-1024x683.jpg 1024w, https:\/\/defrentealaverdad.com\/wp-content\/uploads\/2025\/02\/IMG-20250207-WA0143-768x512.jpg 768w, https:\/\/defrentealaverdad.com\/wp-content\/uploads\/2025\/02\/IMG-20250207-WA0143-1536x1024.jpg 1536w, https:\/\/defrentealaverdad.com\/wp-content\/uploads\/2025\/02\/IMG-20250207-WA0143.jpg 1548w\" data-sizes=\"(max-width: 300px) 100vw, 300px\" src=\"data:image\/svg+xml;base64,PHN2ZyB3aWR0aD0iMSIgaGVpZ2h0PSIxIiB4bWxucz0iaHR0cDovL3d3dy53My5vcmcvMjAwMC9zdmciPjwvc3ZnPg==\" style=\"--smush-placeholder-width: 300px; --smush-placeholder-aspect-ratio: 300\/200;\" \/><\/p>\n<p style=\"text-align: justify;\">El evento reuni\u00f3 a estudiantes, el cuerpo de profesores y funcionarios de la instituci\u00f3n, as\u00ed como autoridades militares, quienes fueron testigos de una jornada enriquecedora donde se resalt\u00f3 el valor de la comunicaci\u00f3n efectiva como pilar del liderazgo y el patriotismo.<\/p>\n<p style=\"text-align: justify;\"><strong>Reconocimiento a Wellington de Le\u00f3n.<\/strong><\/p>\n<p style=\"text-align: justify;\">En el marco de esta actividad, el Impector Lic Mayor Junior Do\u00f1e de las Escuela Vocacional de Santo Domingo Este otorg\u00f3 un reconocimiento especial al destacado locutor Wellington de Le\u00f3n, por su invaluable aporte a la comunicaci\u00f3n en el pa\u00eds y su compromiso con la formaci\u00f3n de nuevas generaciones en el arte de la oratoria.<img decoding=\"async\" class=\"size-medium wp-image-39008 alignright lazyload\" data-src=\"https:\/\/defrentealaverdad.com\/wp-content\/uploads\/2025\/02\/IMG-20250207-WA0084-300x200.jpg\" alt=\"\" width=\"300\" height=\"200\" data-srcset=\"https:\/\/defrentealaverdad.com\/wp-content\/uploads\/2025\/02\/IMG-20250207-WA0084-300x200.jpg 300w, https:\/\/defrentealaverdad.com\/wp-content\/uploads\/2025\/02\/IMG-20250207-WA0084-1024x683.jpg 1024w, https:\/\/defrentealaverdad.com\/wp-content\/uploads\/2025\/02\/IMG-20250207-WA0084-768x512.jpg 768w, https:\/\/defrentealaverdad.com\/wp-content\/uploads\/2025\/02\/IMG-20250207-WA0084-1536x1024.jpg 1536w, https:\/\/defrentealaverdad.com\/wp-content\/uploads\/2025\/02\/IMG-20250207-WA0084.jpg 1548w\" data-sizes=\"(max-width: 300px) 100vw, 300px\" src=\"data:image\/svg+xml;base64,PHN2ZyB3aWR0aD0iMSIgaGVpZ2h0PSIxIiB4bWxucz0iaHR0cDovL3d3dy53My5vcmcvMjAwMC9zdmciPjwvc3ZnPg==\" style=\"--smush-placeholder-width: 300px; --smush-placeholder-aspect-ratio: 300\/200;\" \/><\/p>\n<p style=\"text-align: justify;\">En representaci\u00f3n del se\u00f1or Director General de las Escuelas Vocacionales de las Fuerzas Armadas y la Polic\u00eda Nacional Coronel Jos\u00e9 Ram\u00f3n Reyes Su\u00e1rez estuvo el Mayor Paracaidista Fahd Jacobo Subdirector de Relaciones P\u00fablicas quien entreg\u00f3 una medalla institucional a Wellington De Le\u00f3n por su trayectoria profesional as\u00ed como tambi\u00e9n invito a llevar esta conferencia a las dem\u00e1s escuelas vocacionales promoviendo valores patrios y morales.<\/p>\n<p style=\"text-align: justify;\">De Le\u00f3n, con una vasta trayectoria en la radiodifusi\u00f3n, ha sido un referente en el uso de la palabra como herramienta para inspirar, educar y promover el amor por la patria. Su reconocimiento es un testimonio del impacto positivo que su labor ha tenido en el fortalecimiento del pensamiento cr\u00edtico y la conciencia nacionalista en la sociedad dominicana.<\/p>\n<p style=\"text-align: justify;\"><strong>El CNCS y su compromiso con la oratoria y el nacionalismo<\/strong><\/p>\n<p style=\"text-align: justify;\">El Consejo Nacional de Comunicadores Sociales (CNCS) ha dedicado a\u00f1os a la promoci\u00f3n de la comunicaci\u00f3n efectiva y la formaci\u00f3n de ciudadanos con pensamiento cr\u00edtico y conciencia c\u00edvica. Como parte de esta misi\u00f3n, en 2024 lanz\u00f3 la iniciativa del D\u00eda Nacional de la Oratoria (DNO), con el prop\u00f3sito de fomentar la elocuencia y el liderazgo a trav\u00e9s de la palabra.<\/p>\n<blockquote>\n<p style=\"text-align: justify;\">La conferencia \u201cLa Oratoria como herramienta del nacionalismo positivo\u201d es una muestra del esfuerzo continuo del CNCS para inculcar valores patri\u00f3ticos, profundizar el respeto a nuestros pr\u00f3ceres y fortalecer la identidad nacional a trav\u00e9s de la comunicaci\u00f3n.<\/p>\n<\/blockquote>\n<p style=\"text-align: justify;\">El evento dej\u00f3 claro que la oratoria no es solo una habilidad t\u00e9cnica, sino una poderosa herramienta para el cambio social, el liderazgo responsable y el fortalecimiento de los valores dominicanos.<\/p>\n<p style=\"text-align: justify;\"><strong>Una apuesta por la formaci\u00f3n de l\u00edderes comprometidos con la naci\u00f3n<\/strong><\/p>\n<p style=\"text-align: justify;\">Desde el CNCS reafirmamos nuestro compromiso con la formaci\u00f3n de j\u00f3venes y profesionales que, m\u00e1s all\u00e1 de dominar el arte de la palabra, se conviertan en embajadores de la dominicanidad y defensores de los valores que nos identifican como naci\u00f3n.<\/p>\n<p style=\"text-align: justify;\">Con iniciativas como esta, continuamos construyendo un futuro donde la comunicaci\u00f3n sea un puente para el desarrollo y la unidad nacional.<\/p>\n<p style=\"text-align: justify;\">Para m\u00e1s informaci\u00f3n sobre nuestras actividades, visite nuestras redes sociales o comun\u00edquese con el Consejo Nacional de Comunicadores Sociales.<\/p>\n<p>Fuente: CNCS<\/p>\n","protected":false},"excerpt":{"rendered":"<p>San Isidro, R.D. \u2013 Con el firme compromiso de fortalecer la identidad nacional y las<\/p>\n","protected":false},"author":1,"featured_media":39008,"comment_status":"open","ping_status":"open","sticky":false,"template":"","format":"standard","meta":{"footnotes":""},"categories":[245],"tags":[],"class_list":["post-39006","post","type-post","status-publish","format-standard","has-post-thumbnail","hentry","category-cultura"],"_links":{"self":[{"href":"https:\/\/defrentealaverdad.com\/index.php\/wp-json\/wp\/v2\/posts\/39006","targetHints":{"allow":["GET"]}}],"collection":[{"href":"https:\/\/defrentealaverdad.com\/index.php\/wp-json\/wp\/v2\/posts"}],"about":[{"href":"https:\/\/defrentealaverdad.com\/index.php\/wp-json\/wp\/v2\/types\/post"}],"author":[{"embeddable":true,"href":"https:\/\/defrentealaverdad.com\/index.php\/wp-json\/wp\/v2\/users\/1"}],"replies":[{"embeddable":true,"href":"https:\/\/defrentealaverdad.com\/index.php\/wp-json\/wp\/v2\/comments?post=39006"}],"version-history":[{"count":1,"href":"https:\/\/defrentealaverdad.com\/index.php\/wp-json\/wp\/v2\/posts\/39006\/revisions"}],"predecessor-version":[{"id":39010,"href":"https:\/\/defrentealaverdad.com\/index.php\/wp-json\/wp\/v2\/posts\/39006\/revisions\/39010"}],"wp:featuredmedia":[{"embeddable":true,"href":"https:\/\/defrentealaverdad.com\/index.php\/wp-json\/wp\/v2\/media\/39008"}],"wp:attachment":[{"href":"https:\/\/defrentealaverdad.com\/index.php\/wp-json\/wp\/v2\/media?parent=39006"}],"wp:term":[{"taxonomy":"category","embeddable":true,"href":"https:\/\/defrentealaverdad.com\/index.php\/wp-json\/wp\/v2\/categories?post=39006"},{"taxonomy":"post_tag","embeddable":true,"href":"https:\/\/defrentealaverdad.com\/index.php\/wp-json\/wp\/v2\/tags?post=39006"}],"curies":[{"name":"wp","href":"https:\/\/api.w.org\/{rel}","templated":true}]}}