{"id":38995,"date":"2025-02-07T15:04:33","date_gmt":"2025-02-07T15:04:33","guid":{"rendered":"https:\/\/defrentealaverdad.com\/?p=38995"},"modified":"2025-02-08T15:05:36","modified_gmt":"2025-02-08T15:05:36","slug":"juan-pablo-uribe-valora-el-liderazgo-de-abinader-y-las-buenas-relaciones-con-estados-unidos","status":"publish","type":"post","link":"https:\/\/defrentealaverdad.com\/index.php\/2025\/02\/07\/juan-pablo-uribe-valora-el-liderazgo-de-abinader-y-las-buenas-relaciones-con-estados-unidos\/","title":{"rendered":"Juan Pablo Uribe valora el liderazgo de Abinader y las buenas relaciones con Estados Unidos"},"content":{"rendered":"<p style=\"text-align: justify;\"><strong>Santo Domingo.-<\/strong> La visita oficial del secretario de Estado de los Estados Unidos de Am\u00e9rica, Marco Rubio constituy\u00f3 una reafirmaci\u00f3n de las buenas relaciones bilaterales que sostiene nuestro pa\u00eds con la naci\u00f3n del norte del continente, as\u00ed lo afirm\u00f3 Juan Pablo Uribe, presidente de la Comisi\u00f3n Permanente de Efem\u00e9rides Patrias.<\/p>\n<blockquote>\n<p style=\"text-align: justify;\">\u201cDije el 27 de enero cuando se anunci\u00f3 la misma, literalmente, que ser\u00eda positiva, correcta y provechosa para el pa\u00eds y que constituir\u00eda en el contexto de nuestra soberan\u00eda nacional y autodeterminaci\u00f3n un paso de avance en la proyecci\u00f3n de mutuos beneficios para ambas naciones\u201d.<\/p>\n<\/blockquote>\n<p style=\"text-align: justify;\">Uribe manifest\u00f3 que el liderazgo del presidente Luis Abinader en el pa\u00eds y en la regi\u00f3n se consolid\u00f3 en una evidente demostraci\u00f3n de su capacidad estrat\u00e9gica, su visi\u00f3n desarrollista de presente y futuro, su manejo pol\u00edtico prudente y su firme coherencia en la defensa del inter\u00e9s nacional, cualidades que lo destacan como hombre de Estado a la altura de las circunstancias globales e insulares, por eso reiter\u00f3 que no hay soluci\u00f3n dominicana a la crisis de Hait\u00ed, postura que ha encontrado abierta receptividad en el Secretario de Estado Marco Rubio.<\/p>\n<p style=\"text-align: justify;\">Por \u00faltimo, Uribe dijo que los discursos pesimistas y los anuncios catastr\u00f3ficos quedaron sepultados por la verdad resplandeciente del correcto manejo del Estado dominicano bajo la responsabilidad de un l\u00edder visionario del siglo XXI, como el presidente Abinader.<\/p>\n<blockquote>\n<p style=\"text-align: justify;\">Juan Pablo Uribe produjo sus declaraciones en medio de uno de los actos del \u201cMes de la Patria 2025\u201d.<\/p>\n<\/blockquote>\n<p>Fuente: RD Firma Autorizada<\/p>\n","protected":false},"excerpt":{"rendered":"<p>Santo Domingo.- La visita oficial del secretario de Estado de los Estados Unidos de Am\u00e9rica,<\/p>\n","protected":false},"author":1,"featured_media":38970,"comment_status":"open","ping_status":"open","sticky":false,"template":"","format":"standard","meta":{"footnotes":""},"categories":[7],"tags":[],"class_list":["post-38995","post","type-post","status-publish","format-standard","has-post-thumbnail","hentry","category-nacionales"],"_links":{"self":[{"href":"https:\/\/defrentealaverdad.com\/index.php\/wp-json\/wp\/v2\/posts\/38995","targetHints":{"allow":["GET"]}}],"collection":[{"href":"https:\/\/defrentealaverdad.com\/index.php\/wp-json\/wp\/v2\/posts"}],"about":[{"href":"https:\/\/defrentealaverdad.com\/index.php\/wp-json\/wp\/v2\/types\/post"}],"author":[{"embeddable":true,"href":"https:\/\/defrentealaverdad.com\/index.php\/wp-json\/wp\/v2\/users\/1"}],"replies":[{"embeddable":true,"href":"https:\/\/defrentealaverdad.com\/index.php\/wp-json\/wp\/v2\/comments?post=38995"}],"version-history":[{"count":1,"href":"https:\/\/defrentealaverdad.com\/index.php\/wp-json\/wp\/v2\/posts\/38995\/revisions"}],"predecessor-version":[{"id":38996,"href":"https:\/\/defrentealaverdad.com\/index.php\/wp-json\/wp\/v2\/posts\/38995\/revisions\/38996"}],"wp:featuredmedia":[{"embeddable":true,"href":"https:\/\/defrentealaverdad.com\/index.php\/wp-json\/wp\/v2\/media\/38970"}],"wp:attachment":[{"href":"https:\/\/defrentealaverdad.com\/index.php\/wp-json\/wp\/v2\/media?parent=38995"}],"wp:term":[{"taxonomy":"category","embeddable":true,"href":"https:\/\/defrentealaverdad.com\/index.php\/wp-json\/wp\/v2\/categories?post=38995"},{"taxonomy":"post_tag","embeddable":true,"href":"https:\/\/defrentealaverdad.com\/index.php\/wp-json\/wp\/v2\/tags?post=38995"}],"curies":[{"name":"wp","href":"https:\/\/api.w.org\/{rel}","templated":true}]}}