{"id":3897,"date":"2023-03-15T13:12:37","date_gmt":"2023-03-15T13:12:37","guid":{"rendered":"https:\/\/defrentealaverdad.com\/?p=3897"},"modified":"2023-03-15T13:12:51","modified_gmt":"2023-03-15T13:12:51","slug":"ministro-paliza-presenta-primer-tour-virtual-360-del-palacio-nacional","status":"publish","type":"post","link":"https:\/\/defrentealaverdad.com\/index.php\/2023\/03\/15\/ministro-paliza-presenta-primer-tour-virtual-360-del-palacio-nacional\/","title":{"rendered":"Ministro Paliza presenta primer Tour Virtual 360\u00b0 del Palacio Nacional"},"content":{"rendered":"<p style=\"text-align: justify;\"><img decoding=\"async\" data-src=\"https:\/\/www.presidencia.gob.do\/sites\/default\/files\/styles\/large\/public\/news\/2023-03\/3DB452E6-8798-4FF6-A62D-C259F2DE770C.jpg?itok=cW-Bf3VE\" alt=\"Ministro Paliza\" src=\"data:image\/svg+xml;base64,PHN2ZyB3aWR0aD0iMSIgaGVpZ2h0PSIxIiB4bWxucz0iaHR0cDovL3d3dy53My5vcmcvMjAwMC9zdmciPjwvc3ZnPg==\" class=\"lazyload\" \/><\/p>\n<p style=\"text-align: justify;\">Los ciudadanos podr\u00e1n recorrer y conocer la historia de la Casa de Gobierno a trav\u00e9s de sus dispositivos electr\u00f3nicos<\/p>\n<p style=\"text-align: justify;\">SANTO DOMINGO, Rep\u00fablica Dominicana.- Dando seguimiento al programa de innovaci\u00f3n que encabeza el ministro Administrativo de la Presidencia, Jos\u00e9 Ignacio Paliza, este martes se realiz\u00f3 el lanzamiento de las plataformas digitales del Palacio Nacional, lo que permitir\u00e1 a los ciudadanos, sin importar el lugar donde se encuentren, recorrer y conocer la historia de la Casa de Gobierno a trav\u00e9s de un tour virtual 360\u00b0.<\/p>\n<p style=\"text-align: justify;\">El acto se realiz\u00f3 en el Sal\u00f3n Las Cari\u00e1tides del Palacio Nacional y sirvi\u00f3 de escenario para presentar m\u00faltiples novedades tecnol\u00f3gicas, entre las cuales se destacan la p\u00e1gina web, www.PalacioNacional.gob.do, y las cuentas de redes sociales en Twitter, Instagram y Facebook como \u201c@PalacioRD. A su vez cientos de estudiantes de diversas escuelas p\u00fablicas del pa\u00eds, pudieron seguir el evento enlazados de manera virtual.<\/p>\n<p style=\"text-align: justify;\">Paliza dijo que, entre los objetivos del presidente, Luis Abinader, siempre ha estado tener las puertas del Palacio Nacional abiertas a todos los ciudadanos y ciudadanas, un ejemplo de eso fue la invitaci\u00f3n que a semanas de asumir el poder les realiz\u00f3 a nuestros vecinos, los residentes en el sector San Carlos.<\/p>\n<p style=\"text-align: justify;\">Con el lanzamiento de las plataformas digitales del Palacio Nacional, buscamos resaltar la importancia hist\u00f3rico-cultural de una de las obras m\u00e1s simb\u00f3licas del pa\u00eds, la tecnolog\u00eda nos une y nos da la oportunidad de ser cada d\u00eda m\u00e1s competitivos abriendo una ventana al mundo que nos permita mostrar nuestra riqueza y patrimonio\u201d, dijo Paliza.<\/p>\n<p style=\"text-align: justify;\">El funcionario expres\u00f3 que este tour virtual 360\u00b0 es una herramienta inmersiva e interactiva que permitir\u00e1 a los que visiten la plataforma, conocer uno de los edificios m\u00e1s ic\u00f3nicos de la historia dominicana. Tambi\u00e9n se podr\u00e1n visitar los emblem\u00e1ticos salones, esto acompa\u00f1ado de una narrativa de cada espacio.<\/p>\n<p style=\"text-align: justify;\">Paliza record\u00f3 que esta iniciativa se enmarca en un plan para acercar las instituciones de gobierno y el Palacio Nacional a todos los dominicanos, agenda que ha permitido desarrollar ya diferentes iniciativas como las visitas presenciales (m\u00e1s de 14 mil estudiantes han visitado el Palacio Nacional), encuentros familiares, apertura de los jardines por motivo de Navidad y Reyes Magos, reuniones con Juntas de Vecinos, Asociaciones, visitas guiadas y talleres de innovaci\u00f3n son parte de las programaciones.<\/p>\n<p style=\"text-align: justify;\">Dijo que ha sido en esta gesti\u00f3n, luego de 75 a\u00f1os de su construcci\u00f3n cuando se obtuvo el t\u00edtulo de propiedad que acredita al Estado como due\u00f1o de los terrenos donde est\u00e1 ubicado el Palacio Nacional, adem\u00e1s de las inversiones realizadas en la reestructuraci\u00f3n y restauraci\u00f3n de toda la planta f\u00edsica.<\/p>\n<p style=\"text-align: justify;\">Finalmente, inform\u00f3 que este tour virtual 360\u00b0 viene a agregar valor a quienes somos, siguiendo el ejemplo de iniciativas similares que se han implementado en otras pa\u00edses como Estados Unidos con la Casa Blanca, Casa Rosada de Argentina, entre otros.<\/p>\n<p style=\"text-align: justify;\">En la actividad estuvieron presentes la vicepresidenta, Raquel Pe\u00f1a, la primera dama, Raquel Arbaje; Joel Santos Echavarr\u00eda, ministro de la Presidencia; Milagros Germ\u00e1n, ministra de Cultura; Ito Bison\u00f3, ministro de Industria, Comercio y Mipymes, los viceministros del MAPRE, Igor Rodr\u00edguez Dur\u00e1n, Scarlet Benzan, Ovi Saldivar, entre otras personalidades.<\/p>\n<p style=\"text-align: justify;\">\n<p style=\"text-align: justify;\">Fuente: Presidencia RD<\/p>\n","protected":false},"excerpt":{"rendered":"<p>Los ciudadanos podr\u00e1n recorrer y conocer la historia de la Casa de Gobierno a trav\u00e9s<\/p>\n","protected":false},"author":1,"featured_media":0,"comment_status":"open","ping_status":"open","sticky":false,"template":"","format":"standard","meta":{"footnotes":""},"categories":[7],"tags":[],"class_list":["post-3897","post","type-post","status-publish","format-standard","hentry","category-nacionales"],"_links":{"self":[{"href":"https:\/\/defrentealaverdad.com\/index.php\/wp-json\/wp\/v2\/posts\/3897","targetHints":{"allow":["GET"]}}],"collection":[{"href":"https:\/\/defrentealaverdad.com\/index.php\/wp-json\/wp\/v2\/posts"}],"about":[{"href":"https:\/\/defrentealaverdad.com\/index.php\/wp-json\/wp\/v2\/types\/post"}],"author":[{"embeddable":true,"href":"https:\/\/defrentealaverdad.com\/index.php\/wp-json\/wp\/v2\/users\/1"}],"replies":[{"embeddable":true,"href":"https:\/\/defrentealaverdad.com\/index.php\/wp-json\/wp\/v2\/comments?post=3897"}],"version-history":[{"count":2,"href":"https:\/\/defrentealaverdad.com\/index.php\/wp-json\/wp\/v2\/posts\/3897\/revisions"}],"predecessor-version":[{"id":3899,"href":"https:\/\/defrentealaverdad.com\/index.php\/wp-json\/wp\/v2\/posts\/3897\/revisions\/3899"}],"wp:attachment":[{"href":"https:\/\/defrentealaverdad.com\/index.php\/wp-json\/wp\/v2\/media?parent=3897"}],"wp:term":[{"taxonomy":"category","embeddable":true,"href":"https:\/\/defrentealaverdad.com\/index.php\/wp-json\/wp\/v2\/categories?post=3897"},{"taxonomy":"post_tag","embeddable":true,"href":"https:\/\/defrentealaverdad.com\/index.php\/wp-json\/wp\/v2\/tags?post=3897"}],"curies":[{"name":"wp","href":"https:\/\/api.w.org\/{rel}","templated":true}]}}