{"id":38928,"date":"2025-02-07T15:50:23","date_gmt":"2025-02-07T15:50:23","guid":{"rendered":"https:\/\/defrentealaverdad.com\/?p=38928"},"modified":"2025-02-08T13:53:43","modified_gmt":"2025-02-08T13:53:43","slug":"ministerio-de-la-mujer-deposita-ofrenda-floral-en-el-altar-de-la-patria-en-ocasion-del-181-aniversario-de-la-independencia-nacional","status":"publish","type":"post","link":"https:\/\/defrentealaverdad.com\/index.php\/2025\/02\/07\/ministerio-de-la-mujer-deposita-ofrenda-floral-en-el-altar-de-la-patria-en-ocasion-del-181-aniversario-de-la-independencia-nacional\/","title":{"rendered":"Ministerio de la Mujer deposita ofrenda floral en el Altar de la Patria, en ocasi\u00f3n del 181 aniversario de la Independencia Nacional"},"content":{"rendered":"<blockquote>\n<p style=\"text-align: justify;\">Para honrar a las mujeres de la gesta independentista, el Ministerio de la Mujer a trav\u00e9s de sus redes sociales ha iniciado una serie de publicaciones que enaltecen sus aportes<\/p>\n<\/blockquote>\n<p style=\"text-align: justify;\"><strong>Santo Domingo.<\/strong> El Ministerio de la Mujer realiz\u00f3 este viernes una ofrenda floral en el Altar de la Patria con motivo del mes de la Patria y en el marco de la conmemoraci\u00f3n del 181 aniversario de la proclamaci\u00f3n de la Independencia Nacional.<\/p>\n<p style=\"text-align: justify;\">El acto realizado en el mausoleo donde reposan los restos de los padres de la patria, Juan Pablo Duarte, Francisco del Rosario S\u00e1nchez y Ram\u00f3n Mat\u00edas Mella, fue encabezado por la ministra de la Mujer, Mayra Jim\u00e9nez, en compa\u00f1\u00eda de autoridades y personal de la instituci\u00f3n.<\/p>\n<blockquote>\n<p style=\"text-align: justify;\">\u201cHoy alzamos la voz para reconocer a las mujeres que han sido protagonistas en la construcci\u00f3n de nuestra democracia y en la defensa de nuestra soberan\u00eda. La historia de nuestra independencia debe contarse resaltando su inteligencia, su coraje y su determinaci\u00f3n; valores que han cimentado el camino hacia un pa\u00eds m\u00e1s justo e igualitario\u201d, resalt\u00f3 la ministra, Mayra Jim\u00e9nez.<\/p>\n<\/blockquote>\n<p style=\"text-align: justify;\">Agreg\u00f3 que, desde el Ministerio de la Mujer se reafirma el compromiso con la justicia hist\u00f3rica, y se\u00f1al\u00f3 que se est\u00e1n realizando las gestiones para que los restos de Luisa Ozema Pellerano sean trasladados al Pante\u00f3n Nacional, cumpliendo con la disposici\u00f3n del Poder Ejecutivo de 1994; y que sea reconocido como una extensi\u00f3n del Pante\u00f3n Nacional, el mausoleo de Ercil\u00eda Pep\u00edn en Santiago de los Caballeros, otorg\u00e1ndoles el sitial de honor que sus legados merecen.<\/p>\n<p style=\"text-align: justify;\">En el mes de la Patria, el Ministerio de la Mujer ha resaltado en sus redes sociales la labor de las mujeres en la gesta de la Independencia Nacional, quienes jugaron un papel primordial y asumieron el compromiso con el ideal de la liberaci\u00f3n del pa\u00eds de toda potencia extranjera y la soberan\u00eda nacional.<\/p>\n<p style=\"text-align: justify;\"><strong>Mes de la Patria<\/strong><\/p>\n<p style=\"text-align: justify;\">Desde el 26 de enero al 27 de febrero se conmemora el Mes de la Patria, con el objetivo de rendir culto a los gestores de la independencia nacional, as\u00ed como a los s\u00edmbolos que identifican a Rep\u00fablica Dominicana: la bandera, el escudo y el Himno Nacional.<\/p>\n<p style=\"text-align: justify;\">Este 26 de enero se celebr\u00f3 el 212 aniversario del natalicio de Juan Pablo Duarte, y el 27 de febrero ser\u00e1 el 181 aniversario de la Independencia Nacional.<\/p>\n<p>Fuente: Dir.Com. Min. Mujer RD<\/p>\n","protected":false},"excerpt":{"rendered":"<p>Para honrar a las mujeres de la gesta independentista, el Ministerio de la Mujer a<\/p>\n","protected":false},"author":4,"featured_media":38929,"comment_status":"open","ping_status":"open","sticky":false,"template":"","format":"standard","meta":{"footnotes":""},"categories":[7],"tags":[],"class_list":["post-38928","post","type-post","status-publish","format-standard","has-post-thumbnail","hentry","category-nacionales"],"_links":{"self":[{"href":"https:\/\/defrentealaverdad.com\/index.php\/wp-json\/wp\/v2\/posts\/38928","targetHints":{"allow":["GET"]}}],"collection":[{"href":"https:\/\/defrentealaverdad.com\/index.php\/wp-json\/wp\/v2\/posts"}],"about":[{"href":"https:\/\/defrentealaverdad.com\/index.php\/wp-json\/wp\/v2\/types\/post"}],"author":[{"embeddable":true,"href":"https:\/\/defrentealaverdad.com\/index.php\/wp-json\/wp\/v2\/users\/4"}],"replies":[{"embeddable":true,"href":"https:\/\/defrentealaverdad.com\/index.php\/wp-json\/wp\/v2\/comments?post=38928"}],"version-history":[{"count":1,"href":"https:\/\/defrentealaverdad.com\/index.php\/wp-json\/wp\/v2\/posts\/38928\/revisions"}],"predecessor-version":[{"id":38930,"href":"https:\/\/defrentealaverdad.com\/index.php\/wp-json\/wp\/v2\/posts\/38928\/revisions\/38930"}],"wp:featuredmedia":[{"embeddable":true,"href":"https:\/\/defrentealaverdad.com\/index.php\/wp-json\/wp\/v2\/media\/38929"}],"wp:attachment":[{"href":"https:\/\/defrentealaverdad.com\/index.php\/wp-json\/wp\/v2\/media?parent=38928"}],"wp:term":[{"taxonomy":"category","embeddable":true,"href":"https:\/\/defrentealaverdad.com\/index.php\/wp-json\/wp\/v2\/categories?post=38928"},{"taxonomy":"post_tag","embeddable":true,"href":"https:\/\/defrentealaverdad.com\/index.php\/wp-json\/wp\/v2\/tags?post=38928"}],"curies":[{"name":"wp","href":"https:\/\/api.w.org\/{rel}","templated":true}]}}