{"id":3891,"date":"2023-03-13T20:18:36","date_gmt":"2023-03-13T20:18:36","guid":{"rendered":"https:\/\/defrentealaverdad.com\/?p=3891"},"modified":"2023-03-14T20:20:17","modified_gmt":"2023-03-14T20:20:17","slug":"armada-realiza-encuentro-con-periodista-de-diferentes-medios-de-comunicacion","status":"publish","type":"post","link":"https:\/\/defrentealaverdad.com\/index.php\/2023\/03\/13\/armada-realiza-encuentro-con-periodista-de-diferentes-medios-de-comunicacion\/","title":{"rendered":"Armada realiza encuentro con periodista de diferentes medios de comunicaci\u00f3n"},"content":{"rendered":"<p style=\"text-align: justify;\">Por Felix Rubio<\/p>\n<p style=\"text-align: justify;\"><img decoding=\"async\" class=\"aligncenter lazyload\" data-src=\"https:\/\/blogger.googleusercontent.com\/img\/b\/R29vZ2xl\/AVvXsEievONNn3rouWwei-ZF1RPmYhPlDAkSXsbPCvNFz5au9YRbtooFc1k6kSYam7nK5ZWewumV199qNemf6eATTWk_wcfhuSsx0sEuLvWATSPlLYgCfV0jdpgLYdxrjUTyp8UweUMwoz8J4qXxozWS8pdsZfEMoBn-RpD48Q2bjnQAnGUuaTRkne6K4ehl\/w400-h266\/IMG-20230311-WA0179.jpg\" src=\"data:image\/svg+xml;base64,PHN2ZyB3aWR0aD0iMSIgaGVpZ2h0PSIxIiB4bWxucz0iaHR0cDovL3d3dy53My5vcmcvMjAwMC9zdmciPjwvc3ZnPg==\" \/><\/p>\n<p style=\"text-align: justify;\">Con el objetivo de estrechar lazos de hermandad y colaboraci\u00f3n entre periodistas y la Armada de Rep\u00fablica Dominica, la Direcci\u00f3n de Relaciones P\u00fablicas de la instituci\u00f3n militar (M-5), realiz\u00f3 un encuentro amistoso con representantes de diferentes medios de comunicaci\u00f3n\u00a0 impresos, radiales, televisivos y digitales. La actividad, liderada por la Capit\u00e1n de Nav\u00edo Roc\u00edo Cristy Santana Gonz\u00e1lez, tuvo lugar en el Club Naval de Oficiales en el Puerto de Sans Souc\u00ed, donde los anfitriones al dar la bienvenida a los profesionales de la comunicaci\u00f3n agradecieron el \u201cgran honor de compartir en un esfuerzo de un nuevo proyecto de comunicaci\u00f3n efectiva de la ARD, que busca acercar a los periodistas a la fuerza militar, responsable de garantizar la seguridad mar\u00edtima del pa\u00eds\u201d.<\/p>\n<p style=\"text-align: justify;\"><img decoding=\"async\" class=\"aligncenter lazyload\" data-src=\"https:\/\/blogger.googleusercontent.com\/img\/b\/R29vZ2xl\/AVvXsEjDImQps8G_CXcvnG6mhlNcirFpYYCzs4d0xZ6FGNRhxO5BbF4bqJJlODArdx44w-MHNyr1Jmwyx3nDgG1Hcy8Vh4cVxl7n0GYz54M_J2nP902x4GMMEF7e50p_Yrs3kxsBbJwwDs3-ZfxJGY42rR97zGt5nq0Ds_SHsH-9jkctgnFOVUVIsWpNZy0c\/s320\/IMG-20230311-WA0144.jpg\" width=\"368\" height=\"244\" src=\"data:image\/svg+xml;base64,PHN2ZyB3aWR0aD0iMSIgaGVpZ2h0PSIxIiB4bWxucz0iaHR0cDovL3d3dy53My5vcmcvMjAwMC9zdmciPjwvc3ZnPg==\" style=\"--smush-placeholder-width: 368px; --smush-placeholder-aspect-ratio: 368\/244;\" \/><\/p>\n<p style=\"text-align: justify;\">Durante el desayuno fue expresada la intenci\u00f3n de las autoridades navales de \u201ctrabajar por la paz, la seguridad y la delicada labor de llevar a otros la \u201cverdad\u201d, como resultado de un trabajo digno y colaborativo, dirigido con pasi\u00f3n, entusiasmo y sobre todo, gran responsabilidad compartida por la defensa y seguridad nacional\u201d. Como parte de la visita al club naval, los periodistas dieron un recorrido por el litoral de la costa de Santo Domingo Este, a bordo del Buque insignia de la Armada Patrullero de Altura, \u201cAlmirante Did\u00edez Burgos\u201d, PA-301, comandando por el Capit\u00e1n de Fragata, Julio C\u00e9sar De Windt Fern\u00e1ndez, ARD.<\/p>\n<p style=\"text-align: justify;\">\n<p style=\"text-align: justify;\">\n<p style=\"text-align: justify;\">Fuente: Armada RD<\/p>\n<p style=\"text-align: justify;\">\n","protected":false},"excerpt":{"rendered":"<p>Por Felix Rubio Con el objetivo de estrechar lazos de hermandad y colaboraci\u00f3n entre periodistas<\/p>\n","protected":false},"author":2,"featured_media":0,"comment_status":"open","ping_status":"open","sticky":false,"template":"","format":"standard","meta":{"footnotes":""},"categories":[7],"tags":[],"class_list":["post-3891","post","type-post","status-publish","format-standard","hentry","category-nacionales"],"_links":{"self":[{"href":"https:\/\/defrentealaverdad.com\/index.php\/wp-json\/wp\/v2\/posts\/3891","targetHints":{"allow":["GET"]}}],"collection":[{"href":"https:\/\/defrentealaverdad.com\/index.php\/wp-json\/wp\/v2\/posts"}],"about":[{"href":"https:\/\/defrentealaverdad.com\/index.php\/wp-json\/wp\/v2\/types\/post"}],"author":[{"embeddable":true,"href":"https:\/\/defrentealaverdad.com\/index.php\/wp-json\/wp\/v2\/users\/2"}],"replies":[{"embeddable":true,"href":"https:\/\/defrentealaverdad.com\/index.php\/wp-json\/wp\/v2\/comments?post=3891"}],"version-history":[{"count":1,"href":"https:\/\/defrentealaverdad.com\/index.php\/wp-json\/wp\/v2\/posts\/3891\/revisions"}],"predecessor-version":[{"id":3892,"href":"https:\/\/defrentealaverdad.com\/index.php\/wp-json\/wp\/v2\/posts\/3891\/revisions\/3892"}],"wp:attachment":[{"href":"https:\/\/defrentealaverdad.com\/index.php\/wp-json\/wp\/v2\/media?parent=3891"}],"wp:term":[{"taxonomy":"category","embeddable":true,"href":"https:\/\/defrentealaverdad.com\/index.php\/wp-json\/wp\/v2\/categories?post=3891"},{"taxonomy":"post_tag","embeddable":true,"href":"https:\/\/defrentealaverdad.com\/index.php\/wp-json\/wp\/v2\/tags?post=3891"}],"curies":[{"name":"wp","href":"https:\/\/api.w.org\/{rel}","templated":true}]}}