{"id":38905,"date":"2025-02-08T02:15:42","date_gmt":"2025-02-08T02:15:42","guid":{"rendered":"https:\/\/defrentealaverdad.com\/?p=38905"},"modified":"2025-02-08T02:19:13","modified_gmt":"2025-02-08T02:19:13","slug":"junta-de-retiro-y-fondo-de-pensiones-de-las-fuerzas-armadas-ofrecen-charla-sobre-liderazgo-efectivo-impulsando-el-exito","status":"publish","type":"post","link":"https:\/\/defrentealaverdad.com\/index.php\/2025\/02\/08\/junta-de-retiro-y-fondo-de-pensiones-de-las-fuerzas-armadas-ofrecen-charla-sobre-liderazgo-efectivo-impulsando-el-exito\/","title":{"rendered":"Junta de Retiro y Fondo de Pensiones de las Fuerzas Armadas ofrecen charla sobre \u00abLiderazgo Efectivo: Impulsando el \u00c9xito\u00bb"},"content":{"rendered":"<div class=\"body-fauxcolumns\">\n<div class=\"fauxcolumn-outer body-fauxcolumn-outer\">\n<div class=\"cap-top\">\n<div class=\"cap-left\" style=\"text-align: justify;\">Por instrucciones del general de brigada Pablo Roberto Jim\u00e9nez S\u00e1nchez, ERD., presidente de la Junta de Retiro y Fondo de Pensiones de las Fuerzas Armadas (JRFPFFAA), se llev\u00f3 a cabo la conferencia titulada \u201cLiderazgo Efectivo\u201d, con el objetivo de fortalecer las habilidades directivas de los l\u00edderes de la instituci\u00f3n.<\/div>\n<div><\/div>\n<\/div>\n<\/div>\n<\/div>\n<div class=\"content\">\n<div class=\"content-outer\">\n<div class=\"fauxborder-left content-fauxborder-left\">\n<div class=\"content-inner\">\n<div class=\"main-outer\">\n<div class=\"fauxborder-left main-fauxborder-left\">\n<div class=\"region-inner main-inner\">\n<div class=\"columns fauxcolumns\">\n<div class=\"columns-inner\">\n<div class=\"column-center-outer\">\n<div class=\"column-center-inner\">\n<div id=\"main\" class=\"main section\">\n<div id=\"Blog1\" class=\"widget Blog\" data-version=\"1\">\n<div class=\"blog-posts hfeed\">\n<div class=\"date-outer\">\n<div class=\"date-posts\">\n<div class=\"post-outer\">\n<div class=\"post hentry uncustomized-post-template\">\n<div id=\"post-body-6161413543801803343\" class=\"post-body entry-content\">\n<div>\n<div class=\"separator\"><a href=\"https:\/\/blogger.googleusercontent.com\/img\/b\/R29vZ2xl\/AVvXsEi-FSdzOyxnBkeWL7zXvd9DO18-fYzx9YjboROyA2kEYTA9SUMCJCPMGbq8mhNnVZCvc83l_40342Fh5fdGkbi8w9PadB2VsKmtqPrpxvBaOE1AtxNbfPIqepCZPnIXfsS0qvJm3ZgOoTA5Z9ay_27xbmFIdKJymwFlZSSGR1uVBT5FFqbFtYWjmHUVSko\/s1080\/FB_IMG_1738962054991.jpg\"><img decoding=\"async\" class=\"alignright lazyload\" data-src=\"https:\/\/blogger.googleusercontent.com\/img\/b\/R29vZ2xl\/AVvXsEi-FSdzOyxnBkeWL7zXvd9DO18-fYzx9YjboROyA2kEYTA9SUMCJCPMGbq8mhNnVZCvc83l_40342Fh5fdGkbi8w9PadB2VsKmtqPrpxvBaOE1AtxNbfPIqepCZPnIXfsS0qvJm3ZgOoTA5Z9ay_27xbmFIdKJymwFlZSSGR1uVBT5FFqbFtYWjmHUVSko\/s280\/FB_IMG_1738962054991.jpg\" width=\"280\" height=\"186\" border=\"0\" data-original-height=\"719\" data-original-width=\"1080\" src=\"data:image\/svg+xml;base64,PHN2ZyB3aWR0aD0iMSIgaGVpZ2h0PSIxIiB4bWxucz0iaHR0cDovL3d3dy53My5vcmcvMjAwMC9zdmciPjwvc3ZnPg==\" style=\"--smush-placeholder-width: 280px; --smush-placeholder-aspect-ratio: 280\/186;\" \/><\/a><\/div>\n<div style=\"text-align: justify;\">Dicha conferencia fue impartida por la Lic. Adela Rojas Castillo, Capacitadora del Instituto Nacional de Formaci\u00f3n T\u00e9cnico Profesional (INFOTEP), quien ofreci\u00f3 herramientas clave para potenciar el desempe\u00f1o organizacional.<\/div>\n<div><\/div>\n<div class=\"separator\"><a href=\"https:\/\/blogger.googleusercontent.com\/img\/b\/R29vZ2xl\/AVvXsEjU2SauQ8ZUfdgCZvhCsS4o4IqNvXZSVdYpMHCj4XYieTffo05aCiHSTlYYhwmrSFg_2F_THZ3fr2ngNk09RgDNt1hkfyD6wsyeAo53taDm_sFAFuqGE8h3e3pASuEgVGUSlDItEXsJI5npqDmmA47xJtbXjaTNCvJYHK5wxw2OhlpHiupKLyOzonqA4oU\/s1080\/FB_IMG_1738962060907.jpg\"><img decoding=\"async\" class=\"alignleft lazyload\" data-src=\"https:\/\/blogger.googleusercontent.com\/img\/b\/R29vZ2xl\/AVvXsEjU2SauQ8ZUfdgCZvhCsS4o4IqNvXZSVdYpMHCj4XYieTffo05aCiHSTlYYhwmrSFg_2F_THZ3fr2ngNk09RgDNt1hkfyD6wsyeAo53taDm_sFAFuqGE8h3e3pASuEgVGUSlDItEXsJI5npqDmmA47xJtbXjaTNCvJYHK5wxw2OhlpHiupKLyOzonqA4oU\/s280\/FB_IMG_1738962060907.jpg\" width=\"280\" height=\"186\" border=\"0\" data-original-height=\"718\" data-original-width=\"1080\" src=\"data:image\/svg+xml;base64,PHN2ZyB3aWR0aD0iMSIgaGVpZ2h0PSIxIiB4bWxucz0iaHR0cDovL3d3dy53My5vcmcvMjAwMC9zdmciPjwvc3ZnPg==\" style=\"--smush-placeholder-width: 280px; --smush-placeholder-aspect-ratio: 280\/186;\" \/><\/a><\/div>\n<div style=\"text-align: justify;\">Adela Rojas destac\u00f3 la importancia de adoptar un liderazgo basado en la empat\u00eda, la comunicaci\u00f3n y el trabajo en equipo. Durante su exposici\u00f3n, explic\u00f3 c\u00f3mo un liderazgo efectivo puede transformar la din\u00e1mica laboral al motivar a los equipos, mejorar el clima organizacional y fomentar un sentido de prop\u00f3sito en los colaboradores. Asimismo, se abord\u00f3 la diferencia entre liderar e imponer, promoviendo una gesti\u00f3n orientada al desarrollo humano.<\/div>\n<div><\/div>\n<\/div>\n<\/div>\n<\/div>\n<\/div>\n<\/div>\n<\/div>\n<\/div>\n<\/div>\n<\/div>\n<\/div>\n<\/div>\n<\/div>\n<\/div>\n<\/div>\n<\/div>\n<\/div>\n<\/div>\n<\/div>\n<\/div>\n<\/div>\n<div class=\"content\">\n<div class=\"content-outer\">\n<div class=\"fauxborder-left content-fauxborder-left\">\n<div class=\"content-inner\">\n<div class=\"main-outer\">\n<div class=\"fauxborder-left main-fauxborder-left\">\n<div class=\"region-inner main-inner\">\n<div class=\"columns fauxcolumns\">\n<div class=\"columns-inner\">\n<div class=\"column-center-outer\">\n<div class=\"column-center-inner\">\n<div id=\"main\" class=\"main section\">\n<div id=\"Blog1\" class=\"widget Blog\" data-version=\"1\">\n<div class=\"blog-posts hfeed\">\n<div class=\"date-outer\">\n<div class=\"date-posts\">\n<div class=\"post-outer\">\n<div class=\"post hentry uncustomized-post-template\">\n<div id=\"post-body-6161413543801803343\" class=\"post-body entry-content\">\n<div>\n<div style=\"text-align: justify;\">Nuestros directores y subdirectores exploraron diferentes estilos de liderazgo y c\u00f3mo aplicarlos seg\u00fan las necesidades del entorno laboral. Adem\u00e1s, se discuti\u00f3 c\u00f3mo los l\u00edderes pueden influir positivamente en la productividad institucional al inspirar confianza, resolver conflictos y promover una visi\u00f3n compartida.<\/div>\n<div><\/div>\n<div style=\"text-align: justify;\">Con esta iniciativa, la Junta de Retiro reafirma su compromiso de garantizar el buen desempe\u00f1o institucional y la correcta gesti\u00f3n de los servicios destinados a los miembros retirados y sus familiares, promoviendo siempre el bienestar de quienes dedicaron su vida al servicio de la Patria.<\/div>\n<div><\/div>\n<div>Fuente: \ud835\udc71\ud835\udc96\ud835\udc8f\ud835\udc95\ud835\udc82 \ud835\udc85\ud835\udc86 \ud835\udc79\ud835\udc86\ud835\udc95\ud835\udc8a\ud835\udc93\ud835\udc90 \ud835\udc9a \ud835\udc6d\ud835\udc90\ud835\udc8f\ud835\udc85\ud835\udc90 \ud835\udc85\ud835\udc86 \ud835\udc77\ud835\udc86\ud835\udc8f\ud835\udc94\ud835\udc8a\ud835\udc90\ud835\udc8f\ud835\udc86\ud835\udc94 \ud835\udc85\ud835\udc86 \ud835\udc8d\ud835\udc82\ud835\udc94 \ud835\udc6dF. AA.<\/div>\n<\/div>\n<\/div>\n<\/div>\n<\/div>\n<\/div>\n<\/div>\n<\/div>\n<\/div>\n<\/div>\n<\/div>\n<\/div>\n<\/div>\n<\/div>\n<\/div>\n<\/div>\n<\/div>\n<\/div>\n<\/div>\n<\/div>\n<\/div>\n","protected":false},"excerpt":{"rendered":"<p>Por instrucciones del general de brigada Pablo Roberto Jim\u00e9nez S\u00e1nchez, ERD., presidente de la Junta<\/p>\n","protected":false},"author":4,"featured_media":38912,"comment_status":"open","ping_status":"open","sticky":false,"template":"","format":"standard","meta":{"footnotes":""},"categories":[7],"tags":[],"class_list":["post-38905","post","type-post","status-publish","format-standard","has-post-thumbnail","hentry","category-nacionales"],"_links":{"self":[{"href":"https:\/\/defrentealaverdad.com\/index.php\/wp-json\/wp\/v2\/posts\/38905","targetHints":{"allow":["GET"]}}],"collection":[{"href":"https:\/\/defrentealaverdad.com\/index.php\/wp-json\/wp\/v2\/posts"}],"about":[{"href":"https:\/\/defrentealaverdad.com\/index.php\/wp-json\/wp\/v2\/types\/post"}],"author":[{"embeddable":true,"href":"https:\/\/defrentealaverdad.com\/index.php\/wp-json\/wp\/v2\/users\/4"}],"replies":[{"embeddable":true,"href":"https:\/\/defrentealaverdad.com\/index.php\/wp-json\/wp\/v2\/comments?post=38905"}],"version-history":[{"count":2,"href":"https:\/\/defrentealaverdad.com\/index.php\/wp-json\/wp\/v2\/posts\/38905\/revisions"}],"predecessor-version":[{"id":38907,"href":"https:\/\/defrentealaverdad.com\/index.php\/wp-json\/wp\/v2\/posts\/38905\/revisions\/38907"}],"wp:featuredmedia":[{"embeddable":true,"href":"https:\/\/defrentealaverdad.com\/index.php\/wp-json\/wp\/v2\/media\/38912"}],"wp:attachment":[{"href":"https:\/\/defrentealaverdad.com\/index.php\/wp-json\/wp\/v2\/media?parent=38905"}],"wp:term":[{"taxonomy":"category","embeddable":true,"href":"https:\/\/defrentealaverdad.com\/index.php\/wp-json\/wp\/v2\/categories?post=38905"},{"taxonomy":"post_tag","embeddable":true,"href":"https:\/\/defrentealaverdad.com\/index.php\/wp-json\/wp\/v2\/tags?post=38905"}],"curies":[{"name":"wp","href":"https:\/\/api.w.org\/{rel}","templated":true}]}}