{"id":38902,"date":"2025-02-07T22:10:38","date_gmt":"2025-02-07T22:10:38","guid":{"rendered":"https:\/\/defrentealaverdad.com\/?p=38902"},"modified":"2025-02-08T02:10:48","modified_gmt":"2025-02-08T02:10:48","slug":"ee-uu-confisca-avion-de-venezuela-en-republica-dominicana","status":"publish","type":"post","link":"https:\/\/defrentealaverdad.com\/index.php\/2025\/02\/07\/ee-uu-confisca-avion-de-venezuela-en-republica-dominicana\/","title":{"rendered":"EE. UU. confisca avi\u00f3n de Venezuela en Rep\u00fablica Dominicana"},"content":{"rendered":"<div id=\"mvp-fly-wrap\">\n<div id=\"mvp-fly-menu-wrap\">\n<nav class=\"mvp-fly-nav-menu left relative\">\n<div class=\"menu-principal-container\">\n<blockquote>\n<p style=\"text-align: justify;\">El secretario de Estado de Estados Unidos, Marco Rubio, supervis\u00f3 la incautaci\u00f3n de un segundo avi\u00f3n perteneciente al r\u00e9gimen de Nicol\u00e1s Maduro, en menos de un a\u00f1o-<\/p>\n<\/blockquote>\n<\/div>\n<\/nav>\n<\/div>\n<\/div>\n<div id=\"mvp-site\" class=\"left relative\">\n<div id=\"mvp-site-wall\" class=\"left relative\">\n<div id=\"mvp-site-main\" class=\"left relative\">\n<div id=\"mvp-main-body-wrap\" class=\"left relative\">\n<div class=\"mvp-main-box\">\n<div class=\"mvp-auto-post-grid\">\n<div class=\"mvp-auto-post-main\">\n<article id=\"post-200581\" class=\"mvp-article-wrap first\">\n<div id=\"mvp-article-cont\" class=\"left relative\">\n<div id=\"mvp-post-main\" class=\"left relative\">\n<div id=\"mvp-post-content\" class=\"left relative\">\n<div id=\"mvp-content-wrap\" class=\"left relative\">\n<div id=\"mvp-content-body\" class=\"left relative\">\n<div id=\"mvp-content-body-top\" class=\"left relative\">\n<div class=\"mvp-alp-soc-reg left relative\">\n<div class=\"mvp-alp-soc-wrap\"><\/div>\n<\/div>\n<div id=\"mvp-content-main\" class=\"left relative\">\n<p style=\"text-align: justify;\">El gobierno de los Estados Unidos incaut\u00f3 este jueves 6 de febrero, un avi\u00f3n Dassault Falcon 200, matr\u00edcula YV3360, perteneciente a Petr\u00f3leos de Venezuela (Pdvsa), que era utilizado por altos funcionarios del r\u00e9gimen de Nicol\u00e1s Maduro, especialmente por los hermanos Jorge y Delcy Rodr\u00edguez.<\/p>\n<div class=\"google-auto-placed ap_container\">\n<p>&nbsp;<\/p>\n<div id=\"aswift_3_host\"><\/div>\n<p>&nbsp;<\/p>\n<\/div>\n<p>El secretario de Estado de Estados Unidos, Marco Rubio, supervis\u00f3 la incautaci\u00f3n de un segundo avi\u00f3n perteneciente al chavismo, en menos de un a\u00f1o<\/p>\n<p style=\"text-align: justify;\">Un cartel con la palabra <em><strong>\u201cincautado\u201d<\/strong><\/em> es colocado en un avi\u00f3n del r\u00e9gimen venezolano durante una conferencia de prensa en la que el secretario de Estado de EE.UU., Marco Rubio, anunci\u00f3 su incautaci\u00f3n en el Aeropuerto Internacional La Isabela en Santo Domingo, el 6 de febrero de 2025.<\/p>\n<p style=\"text-align: justify;\">Las autoridades de Rep\u00fablica Dominicana retuvieron la aeronave el a\u00f1o pasado, despu\u00e9s de que las autoridades estadounidenses dijeran que hab\u00eda violado las sanciones unilaterales de Estados Unidos contra Nicol\u00e1s Maduro.<\/p>\n<p style=\"text-align: justify;\">Los funcionarios del r\u00e9gimen chavista como los hermanos Jorge y Delcy Rodr\u00edguez, Vladimir Padrino L\u00f3pez, Tarek William Saab, Jorge Arreaza y los hijos de Diosdado Cabello, Tito y Daniella Cabello, utilizaron el avi\u00f3n para volar a Grecia, Turqu\u00eda, Rusia, Nicaragua y Cuba, y lo llevaron a Rep\u00fablica Dominicana para mantenimiento, seg\u00fan el Departamento de Estado de Estados Unidos.<\/p>\n<p style=\"text-align: justify;\">En septiembre, Estados Unidos, bajo el entonces presidente Joe Biden, anunci\u00f3 la incautaci\u00f3n de un primer avi\u00f3n del chavismo, en Rep\u00fablica Dominicana, que hab\u00eda sido utilizado para transportar a Maduro en viajes internacionales.<\/p>\n<p style=\"text-align: justify;\">El presidente Donald Trump ha prometido desde hace tiempo, tomar medidas en\u00e9rgicas contra Maduro, y en su primer mandato intent\u00f3 sin \u00e9xito destituirlo, despu\u00e9s de un amplio cuestionamiento internacional sobre la supuesta reelecci\u00f3n de Maduro<\/p>\n<p style=\"text-align: justify;\">Pero un enviado de Trump, Richard Grenell, viaj\u00f3 la semana pasada a Caracas para reunirse con Maduro, logrando la liberaci\u00f3n de seis prisioneros estadounidenses. Venezuela dijo que las conversaciones se llevaron a cabo con \u201crespeto mutuo\u201d, pero Rubio y otros funcionarios estadounidenses han insistido en que no hubo marcha atr\u00e1s en la negativa de Estados Unidos de aceptar a Maduro como presidente leg\u00edtimo de Venezuela.<\/p>\n<div class=\"google-auto-placed ap_container\">\n<p>&nbsp;<\/p>\n<div id=\"aswift_6_host\"><\/div>\n<p>&nbsp;<\/p>\n<\/div>\n<p>Marco Rubio dijo que Venezuela sigue siendo una preocupaci\u00f3n para la seguridad nacional de Estados Unidos, destacando la migraci\u00f3n masiva desde ese pa\u00eds a medida que la econom\u00eda implosiona.<\/p>\n<blockquote>\n<p style=\"text-align: justify;\">\u201cVenezuela es un problema de seguridad nacional, no s\u00f3lo de falta de democracia\u201d, dijo Rubio a los periodistas el mi\u00e9rcoles 5 de febrero, en Guatemala.<\/p>\n<\/blockquote>\n<p>El alto funcionario destac\u00f3,\u00a0 estadounidense, refiri\u00e9ndose a los venezolanos que se han ido de la naci\u00f3n<\/p>\n<blockquote>\n<p style=\"text-align: justify;\">\u201cSe trata de un gobierno, de un r\u00e9gimen, que ha perjudicado a m\u00e1s de siete millones de venezolanos, y a todos los pa\u00edses vecinos que han tenido que enfrentar la realidad de esta migraci\u00f3n masiva\u201d<\/p>\n<\/blockquote>\n<p>Fuente: La Pastilla, de Venezuela<\/p>\n<\/div>\n<\/div>\n<\/div>\n<\/div>\n<\/div>\n<\/div>\n<\/div>\n<\/article>\n<\/div>\n<\/div>\n<\/div>\n<\/div>\n<\/div>\n<\/div>\n<\/div>\n<p>&nbsp;<\/p>\n","protected":false},"excerpt":{"rendered":"<p>El secretario de Estado de Estados Unidos, Marco Rubio, supervis\u00f3 la incautaci\u00f3n de un segundo<\/p>\n","protected":false},"author":1,"featured_media":38899,"comment_status":"open","ping_status":"open","sticky":false,"template":"","format":"standard","meta":{"footnotes":""},"categories":[16],"tags":[],"class_list":["post-38902","post","type-post","status-publish","format-standard","has-post-thumbnail","hentry","category-internacionales"],"_links":{"self":[{"href":"https:\/\/defrentealaverdad.com\/index.php\/wp-json\/wp\/v2\/posts\/38902","targetHints":{"allow":["GET"]}}],"collection":[{"href":"https:\/\/defrentealaverdad.com\/index.php\/wp-json\/wp\/v2\/posts"}],"about":[{"href":"https:\/\/defrentealaverdad.com\/index.php\/wp-json\/wp\/v2\/types\/post"}],"author":[{"embeddable":true,"href":"https:\/\/defrentealaverdad.com\/index.php\/wp-json\/wp\/v2\/users\/1"}],"replies":[{"embeddable":true,"href":"https:\/\/defrentealaverdad.com\/index.php\/wp-json\/wp\/v2\/comments?post=38902"}],"version-history":[{"count":2,"href":"https:\/\/defrentealaverdad.com\/index.php\/wp-json\/wp\/v2\/posts\/38902\/revisions"}],"predecessor-version":[{"id":38904,"href":"https:\/\/defrentealaverdad.com\/index.php\/wp-json\/wp\/v2\/posts\/38902\/revisions\/38904"}],"wp:featuredmedia":[{"embeddable":true,"href":"https:\/\/defrentealaverdad.com\/index.php\/wp-json\/wp\/v2\/media\/38899"}],"wp:attachment":[{"href":"https:\/\/defrentealaverdad.com\/index.php\/wp-json\/wp\/v2\/media?parent=38902"}],"wp:term":[{"taxonomy":"category","embeddable":true,"href":"https:\/\/defrentealaverdad.com\/index.php\/wp-json\/wp\/v2\/categories?post=38902"},{"taxonomy":"post_tag","embeddable":true,"href":"https:\/\/defrentealaverdad.com\/index.php\/wp-json\/wp\/v2\/tags?post=38902"}],"curies":[{"name":"wp","href":"https:\/\/api.w.org\/{rel}","templated":true}]}}