{"id":38883,"date":"2025-02-07T18:42:57","date_gmt":"2025-02-07T18:42:57","guid":{"rendered":"https:\/\/defrentealaverdad.com\/?p=38883"},"modified":"2025-02-08T01:45:39","modified_gmt":"2025-02-08T01:45:39","slug":"38883","status":"publish","type":"post","link":"https:\/\/defrentealaverdad.com\/index.php\/2025\/02\/07\/38883\/","title":{"rendered":"Ministerio de Interior y Polic\u00eda grad\u00faa 722 t\u00e9cnicos formados mediante escuelas vocacionales"},"content":{"rendered":"<p>Por Felix Rubio<\/p>\n<p style=\"text-align: justify;\">Como parte de su compromiso de fortalecer la seguridad ciudadana, el Ministerio de Interior y Polic\u00eda gradu\u00f3 a 722 nuevos t\u00e9cnicos, mediante el <strong><em>\u201cPrograma<\/em> <em>Inclusi\u00f3n<\/em><\/strong> <em><strong>y<\/strong><\/em> <em><strong>Desarrollo<\/strong> <strong>Vocacional\u201d<\/strong><\/em> del viceministerio de Seguridad Preventiva en los Sectores Vulnerables, capacitados mediante las escuelas vocacionales de la Polic\u00eda Nacional y de las Fuerzas Armadas.<\/p>\n<p style=\"text-align: justify;\">Estas capacitaciones fueron logradas en alianza, adem\u00e1s, con el Instituto Nacional de Formaci\u00f3n T\u00e9cnico Profesional (Infotep), el Consejo Nacional de Promoci\u00f3n y Apoyo a la Micro, Peque\u00f1a y Mediana Empresas (Promipyme), y el Centro de Capacitaci\u00f3n en Pol\u00edtica y Gesti\u00f3n Fiscal (Capgefi), que completan con \u00e9xito la cuarta graduaci\u00f3n del programa 2020-2024.<\/p>\n<p style=\"text-align: justify;\">Los egresados pertenecen a siete comunidades: La Caleta, Boca Chica, Hato Nuevo, Hato Viejo, Los Alcarrizos, Pantoja y Haina, recibieron certificados en 17 planes, que incluyen Servicios Auxiliares de Contabilidad, Emprendimiento para Pyme, Caja Bancaria y Comercial, Auxiliar de Secretariado y de Ventas, Operaciones B\u00e1sicas de Programas de Oficina Veh\u00edculos Livianos.<\/p>\n<p style=\"text-align: justify;\">B\u00e1sico de T\u00e9cnicas Aduaneras, Ventas y Promoci\u00f3n de Productos Farmac\u00e9uticos, elaboraci\u00f3n de bisuter\u00eda, alfombras, cojines, caminitos y juegos de ba\u00f1os y decoraciones y canastas navide\u00f1as, velones arom\u00e1ticos, jabones, dise\u00f1o de accesorios y detalles para eventos.<\/p>\n<p style=\"text-align: justify;\">Chandrai Est\u00e9vez, viceministra de Seguridad Preventiva en los Sectores Vulnerables, agradeci\u00f3 a los docentes por brindar las herramientas que permitir\u00e1n a los j\u00f3venes ser multiplicadores de conocimientos, felicit\u00f3 y exhort\u00f3 a seguir la preparaci\u00f3n para lograr transformaciones en sus sectores.<\/p>\n<p style=\"text-align: justify;\">Reiter\u00f3 su compromiso de reducir las vulnerabilidades y llam\u00f3 a otros sectores productivos a ser parte de la iniciativa.<\/p>\n<blockquote>\n<p style=\"text-align: justify;\">\u201cEspero que ustedes tambi\u00e9n sean multiplicadores para que otras personas vean que s\u00ed se puede y que el avance lo podemos lograr todos en conjunto para nuestra comunidad\u201d.<\/p>\n<\/blockquote>\n<p style=\"text-align: justify;\">De su lado, Iris Hurtado, directora de la Direcci\u00f3n Regional Oriental del Infotep, destac\u00f3 que 1,907 personas recibieron formaci\u00f3n en 2024, y record\u00f3 que 54 centros brindan educaci\u00f3n, con una oferta virtual. Expres\u00f3 que es una oportunidad para desarrollarse e insertarse al mercado productivo y emprender sus propios negocios.<\/p>\n<p style=\"text-align: justify;\">As\u00ed mismo, Iris Charit\u00edn de la Cruz, directora de Prevenci\u00f3n de Seguridad de los Sectores Vulnerables, resalt\u00f3 que este programa les abre a los j\u00f3venes la oportunidad de construir un pa\u00eds, una comunidad de paz y seguridad.<\/p>\n<p style=\"text-align: justify;\">En tanto, en representaci\u00f3n de los graduados, Dalyhanny Luciano Rodr\u00edguez, valor\u00f3 el aporte de los profesores en el crecimiento acad\u00e9mico y personal.<\/p>\n<blockquote>\n<p style=\"text-align: justify;\">\u201cJuntos hemos superado desaf\u00edos, crecido y nos hemos apoyado. Como dijo Nelson Mandela, la educaci\u00f3n es el arma m\u00e1s poderosa para cambiar el mundo, sigamos con determinaci\u00f3n y pasi\u00f3n\u201d.<\/p>\n<\/blockquote>\n<p style=\"text-align: justify;\">En la actividad, en la sede del Ministerio de Defensa, estuvieron los viceministros \u00c1ngela J\u00e1quez, de Seguridad Preventiva en Gobiernos Provinciales; Antonio Palma Larancuent, de Convivencia Ciudadana; Carlos Manuel Ogando Bid\u00f3, de Control y Regulaci\u00f3n de Armas y Municiones; Jonathan Cabrera, subdirector de Gesti\u00f3n y Desarrollo Empresarial de Promipyme, y M\u00f3nica Pe\u00f1a, directora del Centro de Capacitaci\u00f3n en Pol\u00edtica y Gesti\u00f3n Fiscal.<\/p>\n<p style=\"text-align: justify;\">Fuente: Dir. Com. Ministerio de Interior y Polic\u00eda<\/p>\n","protected":false},"excerpt":{"rendered":"<p>Por Felix Rubio Como parte de su compromiso de fortalecer la seguridad ciudadana, el Ministerio<\/p>\n","protected":false},"author":1,"featured_media":38887,"comment_status":"open","ping_status":"open","sticky":false,"template":"","format":"standard","meta":{"footnotes":""},"categories":[7],"tags":[],"class_list":["post-38883","post","type-post","status-publish","format-standard","has-post-thumbnail","hentry","category-nacionales"],"_links":{"self":[{"href":"https:\/\/defrentealaverdad.com\/index.php\/wp-json\/wp\/v2\/posts\/38883","targetHints":{"allow":["GET"]}}],"collection":[{"href":"https:\/\/defrentealaverdad.com\/index.php\/wp-json\/wp\/v2\/posts"}],"about":[{"href":"https:\/\/defrentealaverdad.com\/index.php\/wp-json\/wp\/v2\/types\/post"}],"author":[{"embeddable":true,"href":"https:\/\/defrentealaverdad.com\/index.php\/wp-json\/wp\/v2\/users\/1"}],"replies":[{"embeddable":true,"href":"https:\/\/defrentealaverdad.com\/index.php\/wp-json\/wp\/v2\/comments?post=38883"}],"version-history":[{"count":2,"href":"https:\/\/defrentealaverdad.com\/index.php\/wp-json\/wp\/v2\/posts\/38883\/revisions"}],"predecessor-version":[{"id":38886,"href":"https:\/\/defrentealaverdad.com\/index.php\/wp-json\/wp\/v2\/posts\/38883\/revisions\/38886"}],"wp:featuredmedia":[{"embeddable":true,"href":"https:\/\/defrentealaverdad.com\/index.php\/wp-json\/wp\/v2\/media\/38887"}],"wp:attachment":[{"href":"https:\/\/defrentealaverdad.com\/index.php\/wp-json\/wp\/v2\/media?parent=38883"}],"wp:term":[{"taxonomy":"category","embeddable":true,"href":"https:\/\/defrentealaverdad.com\/index.php\/wp-json\/wp\/v2\/categories?post=38883"},{"taxonomy":"post_tag","embeddable":true,"href":"https:\/\/defrentealaverdad.com\/index.php\/wp-json\/wp\/v2\/tags?post=38883"}],"curies":[{"name":"wp","href":"https:\/\/api.w.org\/{rel}","templated":true}]}}