{"id":38865,"date":"2025-02-07T20:39:49","date_gmt":"2025-02-07T20:39:49","guid":{"rendered":"https:\/\/defrentealaverdad.com\/?p=38865"},"modified":"2025-02-07T20:42:13","modified_gmt":"2025-02-07T20:42:13","slug":"autoridades-militares-rd-tributan-honor-a-los-padres-de-la-patria-y-reafirman-compromiso-patriotico-en-altar-de-la-patria","status":"publish","type":"post","link":"https:\/\/defrentealaverdad.com\/index.php\/2025\/02\/07\/autoridades-militares-rd-tributan-honor-a-los-padres-de-la-patria-y-reafirman-compromiso-patriotico-en-altar-de-la-patria\/","title":{"rendered":"Autoridades militares RD tributan honor a los Padres de la Patria y reafirman compromiso patri\u00f3tico en Altar de la Patria"},"content":{"rendered":"<p>Por F\u00e9lix Rubio<\/p>\n<p style=\"text-align: justify;\">SANTO DOMINGO.- En un acto solemne acto en el Altar de la Patria de la zona colonial, las m\u00e1ximas autoridades del Ministerio de Defensa (MIDE), rindieron homenaje a los Padres de la Patria Juan Pablo Duarte y D\u00edez, Francisco del Rosario S\u00e1nchez y Ram\u00f3n Mat\u00edas Mella y Castillo, con una ofrenda floral depositada en el lugar donde reposan los restos de los pr\u00f3ceres independentistas.<\/p>\n<p><img decoding=\"async\" class=\"size-medium wp-image-38869 alignleft lazyload\" data-src=\"https:\/\/defrentealaverdad.com\/wp-content\/uploads\/2025\/02\/IMG-20250207-WA0148-1-300x200.jpg\" alt=\"\" width=\"300\" height=\"200\" data-srcset=\"https:\/\/defrentealaverdad.com\/wp-content\/uploads\/2025\/02\/IMG-20250207-WA0148-1-300x200.jpg 300w, https:\/\/defrentealaverdad.com\/wp-content\/uploads\/2025\/02\/IMG-20250207-WA0148-1-1024x682.jpg 1024w, https:\/\/defrentealaverdad.com\/wp-content\/uploads\/2025\/02\/IMG-20250207-WA0148-1-768x512.jpg 768w, https:\/\/defrentealaverdad.com\/wp-content\/uploads\/2025\/02\/IMG-20250207-WA0148-1-1536x1023.jpg 1536w, https:\/\/defrentealaverdad.com\/wp-content\/uploads\/2025\/02\/IMG-20250207-WA0148-1.jpg 1600w\" data-sizes=\"(max-width: 300px) 100vw, 300px\" src=\"data:image\/svg+xml;base64,PHN2ZyB3aWR0aD0iMSIgaGVpZ2h0PSIxIiB4bWxucz0iaHR0cDovL3d3dy53My5vcmcvMjAwMC9zdmciPjwvc3ZnPg==\" style=\"--smush-placeholder-width: 300px; --smush-placeholder-aspect-ratio: 300\/200;\" \/><\/p>\n<p style=\"text-align: justify;\">La ceremonia fue encabezada por el teniente general Carlos A. Fern\u00e1ndez Onofre, ERD., ministro de Defensa, acompa\u00f1ado por Oficiales del Estado Mayor General de las Fuerzas Armadas, del Estado Mayor Conjunto y directores generales de las diferentes dependencias militares, en reconocimiento y reafirmaci\u00f3n de su compromiso con los valores patrios.<img decoding=\"async\" class=\"size-medium wp-image-38870 alignright lazyload\" data-src=\"https:\/\/defrentealaverdad.com\/wp-content\/uploads\/2025\/02\/IMG-20250207-WA0147-300x200.jpg\" alt=\"\" width=\"300\" height=\"200\" data-srcset=\"https:\/\/defrentealaverdad.com\/wp-content\/uploads\/2025\/02\/IMG-20250207-WA0147-300x200.jpg 300w, https:\/\/defrentealaverdad.com\/wp-content\/uploads\/2025\/02\/IMG-20250207-WA0147-1024x682.jpg 1024w, https:\/\/defrentealaverdad.com\/wp-content\/uploads\/2025\/02\/IMG-20250207-WA0147-768x512.jpg 768w, https:\/\/defrentealaverdad.com\/wp-content\/uploads\/2025\/02\/IMG-20250207-WA0147-1536x1023.jpg 1536w, https:\/\/defrentealaverdad.com\/wp-content\/uploads\/2025\/02\/IMG-20250207-WA0147.jpg 1600w\" data-sizes=\"(max-width: 300px) 100vw, 300px\" src=\"data:image\/svg+xml;base64,PHN2ZyB3aWR0aD0iMSIgaGVpZ2h0PSIxIiB4bWxucz0iaHR0cDovL3d3dy53My5vcmcvMjAwMC9zdmciPjwvc3ZnPg==\" style=\"--smush-placeholder-width: 300px; --smush-placeholder-aspect-ratio: 300\/200;\" \/><\/p>\n<p style=\"text-align: justify;\">En el emotivo acto, los Oficiales Generales y Superiores de las tres fuerzas militares, Ej\u00e9rcito, Armada y Fuerza A\u00e9rea de Rep\u00fablica Dominicana, que eran acompa\u00f1ados por Cadetes y Guardiamarinas que portaban la ense\u00f1a tricolor junto a la bandera del Ministerio de Defensa, compartieron igual sentimiento de orgullo patrio, que caracteriza a los soldados dominicanos.<\/p>\n<p style=\"text-align: justify;\"><img decoding=\"async\" class=\"size-medium wp-image-38871 alignleft lazyload\" data-src=\"https:\/\/defrentealaverdad.com\/wp-content\/uploads\/2025\/02\/IMG-20250207-WA0146-300x177.jpg\" alt=\"\" width=\"300\" height=\"177\" data-srcset=\"https:\/\/defrentealaverdad.com\/wp-content\/uploads\/2025\/02\/IMG-20250207-WA0146-300x177.jpg 300w, https:\/\/defrentealaverdad.com\/wp-content\/uploads\/2025\/02\/IMG-20250207-WA0146-1024x605.jpg 1024w, https:\/\/defrentealaverdad.com\/wp-content\/uploads\/2025\/02\/IMG-20250207-WA0146-768x454.jpg 768w, https:\/\/defrentealaverdad.com\/wp-content\/uploads\/2025\/02\/IMG-20250207-WA0146-1536x908.jpg 1536w, https:\/\/defrentealaverdad.com\/wp-content\/uploads\/2025\/02\/IMG-20250207-WA0146.jpg 1600w\" data-sizes=\"(max-width: 300px) 100vw, 300px\" src=\"data:image\/svg+xml;base64,PHN2ZyB3aWR0aD0iMSIgaGVpZ2h0PSIxIiB4bWxucz0iaHR0cDovL3d3dy53My5vcmcvMjAwMC9zdmciPjwvc3ZnPg==\" style=\"--smush-placeholder-width: 300px; --smush-placeholder-aspect-ratio: 300\/177;\" \/>Durante el homenaje, fueron pronunciadas palabras de recordaci\u00f3n del 27 de febrero de 1844, cuando hombres de inquebrantable determinaci\u00f3n hicieron resonar el trabucazo en la Puerta del Conde, que marc\u00f3 el inicio de lucha por una Patria libre e independiente.<\/p>\n<p style=\"text-align: justify;\">En el acto se resalt\u00f3 la importancia de apersonarse al <em>\u201csagrado recinto donde descansan los h\u00e9roes y se recuerda la gesta que marca el inicio del Mes de la Patria, para rendirles tributo de quienes portan con honor el uniforme militar, destacando su valent\u00eda, integridad y sacrificio\u201d.<\/em><\/p>\n<p style=\"text-align: justify;\">Con este tributo los militares demuestran el compromiso y reafirman su responsabilidad de preservar con orgullo el legado de los fundadores de la nacionalidad y la importancia de la defensa de la soberan\u00eda del pa\u00eds.<\/p>\n<p>Fuente: Dir. Com. MIDE<\/p>\n","protected":false},"excerpt":{"rendered":"<p>Por F\u00e9lix Rubio SANTO DOMINGO.- En un acto solemne acto en el Altar de la<\/p>\n","protected":false},"author":1,"featured_media":38867,"comment_status":"open","ping_status":"open","sticky":false,"template":"","format":"standard","meta":{"footnotes":""},"categories":[7],"tags":[],"class_list":["post-38865","post","type-post","status-publish","format-standard","has-post-thumbnail","hentry","category-nacionales"],"_links":{"self":[{"href":"https:\/\/defrentealaverdad.com\/index.php\/wp-json\/wp\/v2\/posts\/38865","targetHints":{"allow":["GET"]}}],"collection":[{"href":"https:\/\/defrentealaverdad.com\/index.php\/wp-json\/wp\/v2\/posts"}],"about":[{"href":"https:\/\/defrentealaverdad.com\/index.php\/wp-json\/wp\/v2\/types\/post"}],"author":[{"embeddable":true,"href":"https:\/\/defrentealaverdad.com\/index.php\/wp-json\/wp\/v2\/users\/1"}],"replies":[{"embeddable":true,"href":"https:\/\/defrentealaverdad.com\/index.php\/wp-json\/wp\/v2\/comments?post=38865"}],"version-history":[{"count":2,"href":"https:\/\/defrentealaverdad.com\/index.php\/wp-json\/wp\/v2\/posts\/38865\/revisions"}],"predecessor-version":[{"id":38872,"href":"https:\/\/defrentealaverdad.com\/index.php\/wp-json\/wp\/v2\/posts\/38865\/revisions\/38872"}],"wp:featuredmedia":[{"embeddable":true,"href":"https:\/\/defrentealaverdad.com\/index.php\/wp-json\/wp\/v2\/media\/38867"}],"wp:attachment":[{"href":"https:\/\/defrentealaverdad.com\/index.php\/wp-json\/wp\/v2\/media?parent=38865"}],"wp:term":[{"taxonomy":"category","embeddable":true,"href":"https:\/\/defrentealaverdad.com\/index.php\/wp-json\/wp\/v2\/categories?post=38865"},{"taxonomy":"post_tag","embeddable":true,"href":"https:\/\/defrentealaverdad.com\/index.php\/wp-json\/wp\/v2\/tags?post=38865"}],"curies":[{"name":"wp","href":"https:\/\/api.w.org\/{rel}","templated":true}]}}