{"id":38858,"date":"2025-02-07T20:33:45","date_gmt":"2025-02-07T20:33:45","guid":{"rendered":"https:\/\/defrentealaverdad.com\/?p=38858"},"modified":"2025-02-07T20:38:31","modified_gmt":"2025-02-07T20:38:31","slug":"de-frente-a-la-verdad-felicita-al-contralmirante-roberto-munoz-moncion-por-cumpleanos","status":"publish","type":"post","link":"https:\/\/defrentealaverdad.com\/index.php\/2025\/02\/07\/de-frente-a-la-verdad-felicita-al-contralmirante-roberto-munoz-moncion-por-cumpleanos\/","title":{"rendered":"De Frente a la Verdad felicita al Contralmirante Roberto Mu\u00f1oz Monci\u00f3n por cumplea\u00f1os"},"content":{"rendered":"<p style=\"text-align: justify;\"><strong>Santo Domingo.<\/strong> En el d\u00eda de hoy, desde nuestra redacci\u00f3n extendemos felicitaciones en su d\u00eda de cumplea\u00f1os al contralmirante Roberto Mu\u00f1oz Monci\u00f3n, comandante de la base naval 27 de Febrero, con asiento de la comandancia general de la Armada de la Rep\u00fablica Dominicana.<\/p>\n<p style=\"text-align: justify;\">En el mensaje se resalta su servicio digno y honroso a la patria desde la Armada de la Rep\u00fablica Dominicana.<\/p>\n<blockquote>\n<p style=\"text-align: justify;\">\u00abNuestro periodico \u00abDe Frente a la Verdad\u00bb, le desea los mejores parabienes al estimadl Contralmirante Roberto Mu\u00f1oz Moncion, de la Armada de la Rep\u00fablica Dominicana,un hombre que dignifica el uniforme militar\u00bb.<\/p>\n<\/blockquote>\n<p style=\"text-align: justify;\">Fuente: Redacci\u00f3n General \u00abDe Frente a la Verdad\u00bb.<\/p>\n","protected":false},"excerpt":{"rendered":"<p>Santo Domingo. En el d\u00eda de hoy, desde nuestra redacci\u00f3n extendemos felicitaciones en su d\u00eda<\/p>\n","protected":false},"author":1,"featured_media":38861,"comment_status":"open","ping_status":"open","sticky":false,"template":"","format":"standard","meta":{"footnotes":""},"categories":[7],"tags":[],"class_list":["post-38858","post","type-post","status-publish","format-standard","has-post-thumbnail","hentry","category-nacionales"],"_links":{"self":[{"href":"https:\/\/defrentealaverdad.com\/index.php\/wp-json\/wp\/v2\/posts\/38858","targetHints":{"allow":["GET"]}}],"collection":[{"href":"https:\/\/defrentealaverdad.com\/index.php\/wp-json\/wp\/v2\/posts"}],"about":[{"href":"https:\/\/defrentealaverdad.com\/index.php\/wp-json\/wp\/v2\/types\/post"}],"author":[{"embeddable":true,"href":"https:\/\/defrentealaverdad.com\/index.php\/wp-json\/wp\/v2\/users\/1"}],"replies":[{"embeddable":true,"href":"https:\/\/defrentealaverdad.com\/index.php\/wp-json\/wp\/v2\/comments?post=38858"}],"version-history":[{"count":3,"href":"https:\/\/defrentealaverdad.com\/index.php\/wp-json\/wp\/v2\/posts\/38858\/revisions"}],"predecessor-version":[{"id":38864,"href":"https:\/\/defrentealaverdad.com\/index.php\/wp-json\/wp\/v2\/posts\/38858\/revisions\/38864"}],"wp:featuredmedia":[{"embeddable":true,"href":"https:\/\/defrentealaverdad.com\/index.php\/wp-json\/wp\/v2\/media\/38861"}],"wp:attachment":[{"href":"https:\/\/defrentealaverdad.com\/index.php\/wp-json\/wp\/v2\/media?parent=38858"}],"wp:term":[{"taxonomy":"category","embeddable":true,"href":"https:\/\/defrentealaverdad.com\/index.php\/wp-json\/wp\/v2\/categories?post=38858"},{"taxonomy":"post_tag","embeddable":true,"href":"https:\/\/defrentealaverdad.com\/index.php\/wp-json\/wp\/v2\/tags?post=38858"}],"curies":[{"name":"wp","href":"https:\/\/api.w.org\/{rel}","templated":true}]}}