{"id":38845,"date":"2025-02-07T17:14:28","date_gmt":"2025-02-07T17:14:28","guid":{"rendered":"https:\/\/defrentealaverdad.com\/?p=38845"},"modified":"2025-02-08T15:56:22","modified_gmt":"2025-02-08T15:56:22","slug":"38845","status":"publish","type":"post","link":"https:\/\/defrentealaverdad.com\/index.php\/2025\/02\/07\/38845\/","title":{"rendered":"Escritora dominicana publica su tercer libro."},"content":{"rendered":"<blockquote>\n<p style=\"text-align: justify;\"><em>Keren Marte, misionera cristiana, lanza su tercer escrito, titulado QUI\u00c9N ES DIOS?, como una forma de responder a las inquietudes que la humanidad presenta sobre el Ser Supremo.<\/em><\/p>\n<\/blockquote>\n<p style=\"text-align: justify;\">SANTO DOMINGO, Rep\u00fablica Dominicana.- La misionera dominicana radicada en USA, Keren Marte, lanz\u00f3 el pasado 3 de febrero su m\u00e1s reciente obra: <em><strong>\u00bfQui\u00e9n es Dios?<\/strong><\/em><\/p>\n<p><img decoding=\"async\" class=\"size-medium wp-image-38856 alignleft lazyload\" data-src=\"https:\/\/defrentealaverdad.com\/wp-content\/uploads\/2025\/02\/IMG-20250207-WA0077-188x300.jpg\" alt=\"\" width=\"188\" height=\"300\" data-srcset=\"https:\/\/defrentealaverdad.com\/wp-content\/uploads\/2025\/02\/IMG-20250207-WA0077-188x300.jpg 188w, https:\/\/defrentealaverdad.com\/wp-content\/uploads\/2025\/02\/IMG-20250207-WA0077-641x1024.jpg 641w, https:\/\/defrentealaverdad.com\/wp-content\/uploads\/2025\/02\/IMG-20250207-WA0077-768x1226.jpg 768w, https:\/\/defrentealaverdad.com\/wp-content\/uploads\/2025\/02\/IMG-20250207-WA0077-962x1536.jpg 962w, https:\/\/defrentealaverdad.com\/wp-content\/uploads\/2025\/02\/IMG-20250207-WA0077.jpg 1002w\" data-sizes=\"(max-width: 188px) 100vw, 188px\" src=\"data:image\/svg+xml;base64,PHN2ZyB3aWR0aD0iMSIgaGVpZ2h0PSIxIiB4bWxucz0iaHR0cDovL3d3dy53My5vcmcvMjAwMC9zdmciPjwvc3ZnPg==\" style=\"--smush-placeholder-width: 188px; --smush-placeholder-aspect-ratio: 188\/300;\" \/><\/p>\n<p style=\"text-align: justify;\">Un libro dedicado a los que tienen hambre y sed de conocer profundamente a Dios. Escrito bajo el mandato b\u00edblico <strong>1 Timoteo 6:16<\/strong> que nos recuerda que Dios habita en una luz inaccesible, es decir, en un lugar al que ninguno de nosotros tiene acceso. Entonces, \u00bfc\u00f3mo podemos conocer a Dios, si no tenemos acceso a este lugar? En este libro, la escritora nos da una respuesta amplia para esta cuestionante que marca a toda la humanidad, sea creyente o no.<\/p>\n<p style=\"text-align: justify;\">Marte, quien junto a su esposo Ercilio Medina, es un matrimonio de inmigrantes dominicanos radicados en Estados Unidos enfocados en cumplir la Gran Comisi\u00f3n a trav\u00e9s de las misiones, realizando acciones ministeriales enfocadas en la formaci\u00f3n y capacitaci\u00f3n del pueblo de Dios como libros y talleres.<\/p>\n<p><img decoding=\"async\" class=\"size-medium wp-image-38851 alignright lazyload\" data-src=\"https:\/\/defrentealaverdad.com\/wp-content\/uploads\/2025\/02\/IMG-20250201-WA00992-300x157.jpg\" alt=\"\" width=\"300\" height=\"157\" data-srcset=\"https:\/\/defrentealaverdad.com\/wp-content\/uploads\/2025\/02\/IMG-20250201-WA00992-300x157.jpg 300w, https:\/\/defrentealaverdad.com\/wp-content\/uploads\/2025\/02\/IMG-20250201-WA00992-1024x537.jpg 1024w, https:\/\/defrentealaverdad.com\/wp-content\/uploads\/2025\/02\/IMG-20250201-WA00992-768x403.jpg 768w, https:\/\/defrentealaverdad.com\/wp-content\/uploads\/2025\/02\/IMG-20250201-WA00992.jpg 1365w\" data-sizes=\"(max-width: 300px) 100vw, 300px\" src=\"data:image\/svg+xml;base64,PHN2ZyB3aWR0aD0iMSIgaGVpZ2h0PSIxIiB4bWxucz0iaHR0cDovL3d3dy53My5vcmcvMjAwMC9zdmciPjwvc3ZnPg==\" style=\"--smush-placeholder-width: 300px; --smush-placeholder-aspect-ratio: 300\/157;\" \/><\/p>\n<p style=\"text-align: justify;\">El lanzamiento transmitido por medio de la plataforma digital <em>\u00abZoom\u00bb<\/em> cont\u00f3 con la participaci\u00f3n de ministros cristianos, pastores y miembros activos de distintas denominaciones alrededor del mundo. Entre los que se destacan, la adoradora Jessica Aquino, el pastor Cristian Richard, pastor Alfredo Vallellanes, pastora Josie Reyes, pastor F\u00e9lix Arias, pastora Michelle D\u00edaz, pastor Samuel Montilla y las misioneras Selena Rojas y Mariangela Laya, quienes son parte del movimiento cristiano JUCUM, donde Marte ha servido anteriormente.<\/p>\n<p style=\"text-align: justify;\"><img decoding=\"async\" class=\"size-medium wp-image-38849 alignleft lazyload\" data-src=\"https:\/\/defrentealaverdad.com\/wp-content\/uploads\/2025\/02\/IMG-20250207-WA0075-300x167.jpg\" alt=\"\" width=\"300\" height=\"167\" data-srcset=\"https:\/\/defrentealaverdad.com\/wp-content\/uploads\/2025\/02\/IMG-20250207-WA0075-300x167.jpg 300w, https:\/\/defrentealaverdad.com\/wp-content\/uploads\/2025\/02\/IMG-20250207-WA0075-1024x569.jpg 1024w, https:\/\/defrentealaverdad.com\/wp-content\/uploads\/2025\/02\/IMG-20250207-WA0075-768x427.jpg 768w, https:\/\/defrentealaverdad.com\/wp-content\/uploads\/2025\/02\/IMG-20250207-WA0075.jpg 1080w\" data-sizes=\"(max-width: 300px) 100vw, 300px\" src=\"data:image\/svg+xml;base64,PHN2ZyB3aWR0aD0iMSIgaGVpZ2h0PSIxIiB4bWxucz0iaHR0cDovL3d3dy53My5vcmcvMjAwMC9zdmciPjwvc3ZnPg==\" style=\"--smush-placeholder-width: 300px; --smush-placeholder-aspect-ratio: 300\/167;\" \/>El encuentro virtual fue conducido por la locutora Julia S\u00e1nchez y tuvo una duraci\u00f3n aproximada de una hora y media, donde los presentes no solo escucharon primicias del nuevo libro, el tercero que alumbra la escritora, sino tambi\u00e9n agradecieron y adoraron a Dios por permitir este alumbramiento.<\/p>\n<p style=\"text-align: justify;\">Keren destac\u00f3 la importancia que Dios, su familia y amigos han tenido a lo largo de su ministerio, destacando que junto a su esposo Ercilio, cada proyecto es un trabajo en equipo y que ambos se complementan para poder cumplir cada asignaci\u00f3n que Dios le entrega.<\/p>\n<blockquote>\n<p style=\"text-align: justify;\">\u00abSoy una mujer, una esposa y ama de casa. Estudi\u00e9 e incluso realic\u00e9 estudios de posgrado internacionales antes de que Dios me llamara al ministerio a tiempo completo, por lo que mi esposo es mi equipo. <em>\u00abEs importante que los presentes sepan que sin su apoyo y participaci\u00f3n activa detr\u00e1s del tel\u00f3n, todo lo que se ve en mi y nuestro ministerio no ser\u00eda posible\u00bb<\/em>&#8211; afirm\u00f3 Marte.<\/p>\n<\/blockquote>\n<p style=\"text-align: justify;\">La joven escritora habl\u00f3 sobre su ministerio y testimonio de vida, invitando a los asistentes a <em>\u00abcreerle a Dios\u00bb,<\/em> pues \u00c9l sabe dar m\u00e1s de lo que esperamos y sorprendernos con cada detalle.<\/p>\n<p style=\"text-align: justify;\">La apertura del evento estuvo a cargo del Pastor Richard desde Venezuela, quien or\u00f3 y ador\u00f3. Seguimos por una ministraci\u00f3n magistral de la adoradora Jessica Aquino. Por \u00faltimo, Ercilio Medina, como cabeza del ministerio que lleva junto a su esposa, realiz\u00f3 la oraci\u00f3n de cierre presentando el libro. Cabe destacar que todas las ganancias de esta obra est\u00e1n destinadas a apoyar las misiones alrededor del mundo. Actualmente ha apoyado jornadas en la selva amaz\u00f3nica, Estados Unidos y Cuba.<\/p>\n<p style=\"text-align: justify;\">El libro se encuentra disponible a trav\u00e9s de Amazon, tanto en versi\u00f3n digital como impresa. Resumen Lanzamiento Oficial:\u00a0<a href=\"https:\/\/youtu.be\/DstiFfWRtmE\"> https:\/\/youtu.be\/DstiFfWRtmE<\/a><\/p>\n<p>Fuente: Ministerios Go<\/p>\n","protected":false},"excerpt":{"rendered":"<p>Keren Marte, misionera cristiana, lanza su tercer escrito, titulado QUI\u00c9N ES DIOS?, como una forma<\/p>\n","protected":false},"author":4,"featured_media":38850,"comment_status":"open","ping_status":"open","sticky":false,"template":"","format":"standard","meta":{"footnotes":""},"categories":[7],"tags":[],"class_list":["post-38845","post","type-post","status-publish","format-standard","has-post-thumbnail","hentry","category-nacionales"],"_links":{"self":[{"href":"https:\/\/defrentealaverdad.com\/index.php\/wp-json\/wp\/v2\/posts\/38845","targetHints":{"allow":["GET"]}}],"collection":[{"href":"https:\/\/defrentealaverdad.com\/index.php\/wp-json\/wp\/v2\/posts"}],"about":[{"href":"https:\/\/defrentealaverdad.com\/index.php\/wp-json\/wp\/v2\/types\/post"}],"author":[{"embeddable":true,"href":"https:\/\/defrentealaverdad.com\/index.php\/wp-json\/wp\/v2\/users\/4"}],"replies":[{"embeddable":true,"href":"https:\/\/defrentealaverdad.com\/index.php\/wp-json\/wp\/v2\/comments?post=38845"}],"version-history":[{"count":4,"href":"https:\/\/defrentealaverdad.com\/index.php\/wp-json\/wp\/v2\/posts\/38845\/revisions"}],"predecessor-version":[{"id":38857,"href":"https:\/\/defrentealaverdad.com\/index.php\/wp-json\/wp\/v2\/posts\/38845\/revisions\/38857"}],"wp:featuredmedia":[{"embeddable":true,"href":"https:\/\/defrentealaverdad.com\/index.php\/wp-json\/wp\/v2\/media\/38850"}],"wp:attachment":[{"href":"https:\/\/defrentealaverdad.com\/index.php\/wp-json\/wp\/v2\/media?parent=38845"}],"wp:term":[{"taxonomy":"category","embeddable":true,"href":"https:\/\/defrentealaverdad.com\/index.php\/wp-json\/wp\/v2\/categories?post=38845"},{"taxonomy":"post_tag","embeddable":true,"href":"https:\/\/defrentealaverdad.com\/index.php\/wp-json\/wp\/v2\/tags?post=38845"}],"curies":[{"name":"wp","href":"https:\/\/api.w.org\/{rel}","templated":true}]}}