{"id":3837,"date":"2023-03-10T15:34:33","date_gmt":"2023-03-10T15:34:33","guid":{"rendered":"https:\/\/defrentealaverdad.com\/?p=3837"},"modified":"2023-03-10T15:34:33","modified_gmt":"2023-03-10T15:34:33","slug":"familia-de-ingeniero-asesinado-por-delincuentes-en-rent-car-convoca-marcha-pacifica","status":"publish","type":"post","link":"https:\/\/defrentealaverdad.com\/index.php\/2023\/03\/10\/familia-de-ingeniero-asesinado-por-delincuentes-en-rent-car-convoca-marcha-pacifica\/","title":{"rendered":"Familia de Ingeniero asesinado por delincuentes en Rent Car, convoca marcha pac\u00edfica"},"content":{"rendered":"<p><img decoding=\"async\" class=\"alignnone size-medium wp-image-3838 aligncenter lazyload\" data-src=\"https:\/\/defrentealaverdad.com\/wp-content\/uploads\/2023\/03\/WhatsApp-Image-2023-03-10-at-09.13.08-300x300.jpeg\" alt=\"\" width=\"300\" height=\"300\" data-srcset=\"https:\/\/defrentealaverdad.com\/wp-content\/uploads\/2023\/03\/WhatsApp-Image-2023-03-10-at-09.13.08-300x300.jpeg 300w, https:\/\/defrentealaverdad.com\/wp-content\/uploads\/2023\/03\/WhatsApp-Image-2023-03-10-at-09.13.08-150x150.jpeg 150w, https:\/\/defrentealaverdad.com\/wp-content\/uploads\/2023\/03\/WhatsApp-Image-2023-03-10-at-09.13.08-768x768.jpeg 768w, https:\/\/defrentealaverdad.com\/wp-content\/uploads\/2023\/03\/WhatsApp-Image-2023-03-10-at-09.13.08.jpeg 1000w\" data-sizes=\"(max-width: 300px) 100vw, 300px\" src=\"data:image\/svg+xml;base64,PHN2ZyB3aWR0aD0iMSIgaGVpZ2h0PSIxIiB4bWxucz0iaHR0cDovL3d3dy53My5vcmcvMjAwMC9zdmciPjwvc3ZnPg==\" style=\"--smush-placeholder-width: 300px; --smush-placeholder-aspect-ratio: 300\/300;\" \/><\/p>\n<p style=\"text-align: justify;\">Santo Domingo.-La familia del ingeniero Yan Carlos Serrano Toledo, quien fue asesinado por delincuentes el pasado 20 de febrero en un Rent a Car en San Crist\u00f3bal, realizar\u00e1n una marcha pac\u00edfica el pr\u00f3ximo s\u00e1bado 11 de marzo 2023 a las 2 de la tarde, en el Monumento a los Constituyentes en la ciudad antes mencionada.<\/p>\n<p style=\"text-align: justify;\">La marcha busca justicia por la muerte de Serrano Toledo, un joven empresario y ejemplo para la sociedad.<\/p>\n<p style=\"text-align: justify;\">Se recuerda que el hecho se produce en medio de un intento de robo fallido, hecho grabado por c\u00e1maras de seguridad. La muerte ocurre cuando uno de los delincuentes le da en la cabeza al ingeniero con su pistola para someterlo, lo cual causa que su arma se disparar\u00e1 y mata a su compa\u00f1ero delincuente. Al ver a su colega muerto, el asesino le propina 3 tiros a Serrano Toledo, quien cae muerto y los dos sobrevivientes emprenden la fuga, dejando al ingeniero sin vida.<\/p>\n<p style=\"text-align: justify;\">Sus padres, Erasmo Serrano y Sirla Toledo y toda su familia est\u00e1n devastados.<\/p>\n<p style=\"text-align: justify;\">A m\u00e1s de 2 semanas del hecho, la familia exige respuestas y expresa que la polic\u00eda ya tiene pruebas de la identidad de uno de los delicuentes y expresan que los 2 supuestos delincuentes que se entregaron no son los responsables de la muerte de el ingeniero Yan Carlos. Por esta raz\u00f3n han convocado una marcha pac\u00edfica para presionar las autoridades, este s\u00e1bado 11 de marzo 2023 a las 2pm desde el Monumento Los Constituyentes de San Crist\u00f3bal, donde revelaran los detalles del caso.<\/p>\n<p><img decoding=\"async\" class=\"alignnone size-medium wp-image-3839 aligncenter lazyload\" data-src=\"https:\/\/defrentealaverdad.com\/wp-content\/uploads\/2023\/03\/WhatsApp-Image-2023-03-10-at-09.13.08-1-300x300.jpeg\" alt=\"\" width=\"300\" height=\"300\" data-srcset=\"https:\/\/defrentealaverdad.com\/wp-content\/uploads\/2023\/03\/WhatsApp-Image-2023-03-10-at-09.13.08-1-300x300.jpeg 300w, https:\/\/defrentealaverdad.com\/wp-content\/uploads\/2023\/03\/WhatsApp-Image-2023-03-10-at-09.13.08-1-1024x1024.jpeg 1024w, https:\/\/defrentealaverdad.com\/wp-content\/uploads\/2023\/03\/WhatsApp-Image-2023-03-10-at-09.13.08-1-150x150.jpeg 150w, https:\/\/defrentealaverdad.com\/wp-content\/uploads\/2023\/03\/WhatsApp-Image-2023-03-10-at-09.13.08-1-768x767.jpeg 768w, https:\/\/defrentealaverdad.com\/wp-content\/uploads\/2023\/03\/WhatsApp-Image-2023-03-10-at-09.13.08-1.jpeg 1079w\" data-sizes=\"(max-width: 300px) 100vw, 300px\" src=\"data:image\/svg+xml;base64,PHN2ZyB3aWR0aD0iMSIgaGVpZ2h0PSIxIiB4bWxucz0iaHR0cDovL3d3dy53My5vcmcvMjAwMC9zdmciPjwvc3ZnPg==\" style=\"--smush-placeholder-width: 300px; --smush-placeholder-aspect-ratio: 300\/300;\" \/><\/p>\n<p style=\"text-align: justify;\"><strong><em>\u201cLe pedimos a todo aquel que le duele su pa\u00eds y la situaci\u00f3n en la que se encuentra respeto a la criminalidad, acompa\u00f1arnos este s\u00e1bado. Hoy somos nosotros pero que sea por todos los que han pasado y para evitar que m\u00e1s familias pasen por este horror. <\/em><\/strong><br \/>\n<strong><em>\u00abSolo queremos justicia.\u201d<\/em><\/strong> El C\u00f3digo de vestimenta negro total para la marcha<\/p>\n<p style=\"text-align: justify;\">\n<p style=\"text-align: justify;\">\n<p style=\"text-align: justify;\">\n<p>Fuente: Yissus Taveras<\/p>\n","protected":false},"excerpt":{"rendered":"<p>Santo Domingo.-La familia del ingeniero Yan Carlos Serrano Toledo, quien fue asesinado por delincuentes el<\/p>\n","protected":false},"author":1,"featured_media":0,"comment_status":"open","ping_status":"open","sticky":false,"template":"","format":"standard","meta":{"footnotes":""},"categories":[7],"tags":[],"class_list":["post-3837","post","type-post","status-publish","format-standard","hentry","category-nacionales"],"_links":{"self":[{"href":"https:\/\/defrentealaverdad.com\/index.php\/wp-json\/wp\/v2\/posts\/3837","targetHints":{"allow":["GET"]}}],"collection":[{"href":"https:\/\/defrentealaverdad.com\/index.php\/wp-json\/wp\/v2\/posts"}],"about":[{"href":"https:\/\/defrentealaverdad.com\/index.php\/wp-json\/wp\/v2\/types\/post"}],"author":[{"embeddable":true,"href":"https:\/\/defrentealaverdad.com\/index.php\/wp-json\/wp\/v2\/users\/1"}],"replies":[{"embeddable":true,"href":"https:\/\/defrentealaverdad.com\/index.php\/wp-json\/wp\/v2\/comments?post=3837"}],"version-history":[{"count":1,"href":"https:\/\/defrentealaverdad.com\/index.php\/wp-json\/wp\/v2\/posts\/3837\/revisions"}],"predecessor-version":[{"id":3840,"href":"https:\/\/defrentealaverdad.com\/index.php\/wp-json\/wp\/v2\/posts\/3837\/revisions\/3840"}],"wp:attachment":[{"href":"https:\/\/defrentealaverdad.com\/index.php\/wp-json\/wp\/v2\/media?parent=3837"}],"wp:term":[{"taxonomy":"category","embeddable":true,"href":"https:\/\/defrentealaverdad.com\/index.php\/wp-json\/wp\/v2\/categories?post=3837"},{"taxonomy":"post_tag","embeddable":true,"href":"https:\/\/defrentealaverdad.com\/index.php\/wp-json\/wp\/v2\/tags?post=3837"}],"curies":[{"name":"wp","href":"https:\/\/api.w.org\/{rel}","templated":true}]}}