{"id":3827,"date":"2023-03-08T18:32:50","date_gmt":"2023-03-08T18:32:50","guid":{"rendered":"https:\/\/defrentealaverdad.com\/?p=3827"},"modified":"2023-03-08T18:32:50","modified_gmt":"2023-03-08T18:32:50","slug":"idac-confirma-accidente-de-helicoptero-y-muerte-de-piloto-en-zona-de-los-cacaos-san-cristobal","status":"publish","type":"post","link":"https:\/\/defrentealaverdad.com\/index.php\/2023\/03\/08\/idac-confirma-accidente-de-helicoptero-y-muerte-de-piloto-en-zona-de-los-cacaos-san-cristobal\/","title":{"rendered":"IDAC confirma accidente de helic\u00f3ptero y muerte de piloto en zona de Los Cacaos San Crist\u00f3bal"},"content":{"rendered":"<p style=\"text-align: justify;\">Por Felix Rubio<\/p>\n<p style=\"text-align: justify;\"><img decoding=\"async\" data-src=\"https:\/\/blogger.googleusercontent.com\/img\/b\/R29vZ2xl\/AVvXsEi4GH1wRyp5oR46Cl7187nVNVZ2C0lwjZ1O61QWZWh1uUzDri5BwQDO5-j1bg8oWYaxcj5m3D43d03wVKL2KKUGxme6U9UUmf3qxy2H4BTM5WSQahvUy-WGcc_q8LN1yeZMKISVXulpk2193Xm8PNUkqnYSMLQ0NSspc-TC3jsplYQ6EHKADtCJcUMK\/w316-h400\/IMG-20230308-WA0127.jpg\" src=\"data:image\/svg+xml;base64,PHN2ZyB3aWR0aD0iMSIgaGVpZ2h0PSIxIiB4bWxucz0iaHR0cDovL3d3dy53My5vcmcvMjAwMC9zdmciPjwvc3ZnPg==\" class=\"lazyload\" \/><\/p>\n<div style=\"text-align: justify;\"><\/div>\n<div style=\"text-align: justify;\"><\/div>\n<div style=\"text-align: justify;\">\n<div>El Instituto Dominicano de Aviaci\u00f3n Civil, Idac, confirm\u00f3 el accidente de un helic\u00f3ptero que despeg\u00f3 en la ma\u00f1ana de hoy desde el Aeropuerto Internacional Joaqu\u00edn Balaguer, en el Hig\u00fcero, provincia Santo Domingo, con destino a Puerto Pr\u00edncipe, Hait\u00ed.<\/div>\n<\/div>\n<div style=\"text-align: justify;\">\n<div>\n<div>De acuerdo al plan de vuelo depositado, en el helic\u00f3ptero solo viajaba el capit\u00e1n piloto.<\/div>\n<div><\/div>\n<div><\/div>\n<div>\n<div class=\"separator\"><a href=\"https:\/\/blogger.googleusercontent.com\/img\/b\/R29vZ2xl\/AVvXsEjg8FYqC9SNIZwayYmdRztBMRU4NpBEJxpBgoU7LQ1gY8PIGf8LE03DC0ZzUQyWhjSPJSCl-THK_9ZTzeRY7wZ53LdTSAed_DH3x6VxxNZCyZakJBgb9Ru3QTBohfndvw9gW2CYn_EbQKo7GQc_dEIy0vKMXnvMT5ShKleKwgnuac25M41r-egC_NEk\/s750\/IMG-20230308-WA0129.jpg\"><img decoding=\"async\" data-src=\"https:\/\/blogger.googleusercontent.com\/img\/b\/R29vZ2xl\/AVvXsEjg8FYqC9SNIZwayYmdRztBMRU4NpBEJxpBgoU7LQ1gY8PIGf8LE03DC0ZzUQyWhjSPJSCl-THK_9ZTzeRY7wZ53LdTSAed_DH3x6VxxNZCyZakJBgb9Ru3QTBohfndvw9gW2CYn_EbQKo7GQc_dEIy0vKMXnvMT5ShKleKwgnuac25M41r-egC_NEk\/s320\/IMG-20230308-WA0129.jpg\" width=\"320\" height=\"175\" border=\"0\" data-original-height=\"409\" data-original-width=\"750\" src=\"data:image\/svg+xml;base64,PHN2ZyB3aWR0aD0iMSIgaGVpZ2h0PSIxIiB4bWxucz0iaHR0cDovL3d3dy53My5vcmcvMjAwMC9zdmciPjwvc3ZnPg==\" class=\"lazyload\" style=\"--smush-placeholder-width: 320px; --smush-placeholder-aspect-ratio: 320\/175;\" \/><\/a><\/div>\n<\/div>\n<div>En un informe preliminar, el Idac, explica que el helic\u00f3ptero Bell 206, HI951, seg\u00fan su matr\u00edcula, se precipit\u00f3 a tierra entre dos monta\u00f1as de la comunidad rural de Los Naranjos, Los Cacaos, muy pr\u00f3ximo a la Presa de Jig\u00fcey, provincia de San Crist\u00f3bal.<\/div>\n<div><\/div>\n<div>\n<div class=\"separator\"><a href=\"https:\/\/blogger.googleusercontent.com\/img\/b\/R29vZ2xl\/AVvXsEjeESOdKjYL3dzNqGbETvkc51Yfc4w9GTQy54eMVznVrBAYRsA6U8eT67YOd-9BsKVQ_q25FxbttJexTCUcT1xqBelLB3kqtsHZbvoRiiIFid4lTJdp4JRk9xoh0pxeap_idpNMwZgB45Sre63oYfDSZrZ_dscS4z071kTZnndubmJC1rvGhOlNt3eX\/s1280\/IMG-20230308-WA0125.jpg\"><img decoding=\"async\" data-src=\"https:\/\/blogger.googleusercontent.com\/img\/b\/R29vZ2xl\/AVvXsEjeESOdKjYL3dzNqGbETvkc51Yfc4w9GTQy54eMVznVrBAYRsA6U8eT67YOd-9BsKVQ_q25FxbttJexTCUcT1xqBelLB3kqtsHZbvoRiiIFid4lTJdp4JRk9xoh0pxeap_idpNMwZgB45Sre63oYfDSZrZ_dscS4z071kTZnndubmJC1rvGhOlNt3eX\/s320\/IMG-20230308-WA0125.jpg\" width=\"240\" height=\"320\" border=\"0\" data-original-height=\"1280\" data-original-width=\"960\" src=\"data:image\/svg+xml;base64,PHN2ZyB3aWR0aD0iMSIgaGVpZ2h0PSIxIiB4bWxucz0iaHR0cDovL3d3dy53My5vcmcvMjAwMC9zdmciPjwvc3ZnPg==\" class=\"lazyload\" style=\"--smush-placeholder-width: 240px; --smush-placeholder-aspect-ratio: 240\/320;\" \/><\/a><\/div>\n<\/div>\n<div>La Comisi\u00f3n de Investigaci\u00f3n de Accidentes de Aviaci\u00f3n, Ciia, dirigida por el general piloto Enmanuel Soufront, inicio las investigaciones tan pronto se notific\u00f3 la ocurrencia del siniestro.<\/div>\n<\/div>\n<\/div>\n<div style=\"text-align: justify;\"><\/div>\n<div style=\"text-align: justify;\">Fuente: IDAC<\/div>\n","protected":false},"excerpt":{"rendered":"<p>Por Felix Rubio El Instituto Dominicano de Aviaci\u00f3n Civil, Idac, confirm\u00f3 el accidente de un<\/p>\n","protected":false},"author":1,"featured_media":0,"comment_status":"open","ping_status":"open","sticky":false,"template":"","format":"standard","meta":{"footnotes":""},"categories":[7],"tags":[],"class_list":["post-3827","post","type-post","status-publish","format-standard","hentry","category-nacionales"],"_links":{"self":[{"href":"https:\/\/defrentealaverdad.com\/index.php\/wp-json\/wp\/v2\/posts\/3827","targetHints":{"allow":["GET"]}}],"collection":[{"href":"https:\/\/defrentealaverdad.com\/index.php\/wp-json\/wp\/v2\/posts"}],"about":[{"href":"https:\/\/defrentealaverdad.com\/index.php\/wp-json\/wp\/v2\/types\/post"}],"author":[{"embeddable":true,"href":"https:\/\/defrentealaverdad.com\/index.php\/wp-json\/wp\/v2\/users\/1"}],"replies":[{"embeddable":true,"href":"https:\/\/defrentealaverdad.com\/index.php\/wp-json\/wp\/v2\/comments?post=3827"}],"version-history":[{"count":1,"href":"https:\/\/defrentealaverdad.com\/index.php\/wp-json\/wp\/v2\/posts\/3827\/revisions"}],"predecessor-version":[{"id":3828,"href":"https:\/\/defrentealaverdad.com\/index.php\/wp-json\/wp\/v2\/posts\/3827\/revisions\/3828"}],"wp:attachment":[{"href":"https:\/\/defrentealaverdad.com\/index.php\/wp-json\/wp\/v2\/media?parent=3827"}],"wp:term":[{"taxonomy":"category","embeddable":true,"href":"https:\/\/defrentealaverdad.com\/index.php\/wp-json\/wp\/v2\/categories?post=3827"},{"taxonomy":"post_tag","embeddable":true,"href":"https:\/\/defrentealaverdad.com\/index.php\/wp-json\/wp\/v2\/tags?post=3827"}],"curies":[{"name":"wp","href":"https:\/\/api.w.org\/{rel}","templated":true}]}}