{"id":38267,"date":"2025-01-28T03:29:52","date_gmt":"2025-01-28T03:29:52","guid":{"rendered":"https:\/\/defrentealaverdad.com\/?p=38267"},"modified":"2025-01-30T03:31:53","modified_gmt":"2025-01-30T03:31:53","slug":"alcaldia-del-dn-recupera-aceras-que-eran-ocupadas-por-negocios-en-villa-consuelo","status":"publish","type":"post","link":"https:\/\/defrentealaverdad.com\/index.php\/2025\/01\/28\/alcaldia-del-dn-recupera-aceras-que-eran-ocupadas-por-negocios-en-villa-consuelo\/","title":{"rendered":"Alcald\u00eda del DN recupera aceras que eran ocupadas por negocios en Villa Consuelo"},"content":{"rendered":"<blockquote>\n<p style=\"text-align: justify;\">Los infractores ser\u00e1n sometidos a la justicia esta semana<\/p>\n<\/blockquote>\n<p style=\"text-align: justify;\">Santo Domingo, DN &#8211; La Alcald\u00eda del Distrito Nacional, a trav\u00e9s de su Direcci\u00f3n de Defensor\u00eda y Uso de Espacios P\u00fablicos (DUEP), realiz\u00f3 un operativo para la recuperaci\u00f3n de las aceras ocupadas por negocios en Villa Consuelo.<\/p>\n<p><img decoding=\"async\" class=\"size-medium wp-image-38261 alignleft lazyload\" data-src=\"https:\/\/defrentealaverdad.com\/wp-content\/uploads\/2025\/01\/IMG-20250128-WA0217-300x200.jpg\" alt=\"\" width=\"300\" height=\"200\" data-srcset=\"https:\/\/defrentealaverdad.com\/wp-content\/uploads\/2025\/01\/IMG-20250128-WA0217-300x200.jpg 300w, https:\/\/defrentealaverdad.com\/wp-content\/uploads\/2025\/01\/IMG-20250128-WA0217-1024x682.jpg 1024w, https:\/\/defrentealaverdad.com\/wp-content\/uploads\/2025\/01\/IMG-20250128-WA0217-768x512.jpg 768w, https:\/\/defrentealaverdad.com\/wp-content\/uploads\/2025\/01\/IMG-20250128-WA0217-1536x1023.jpg 1536w, https:\/\/defrentealaverdad.com\/wp-content\/uploads\/2025\/01\/IMG-20250128-WA0217.jpg 1600w\" data-sizes=\"(max-width: 300px) 100vw, 300px\" src=\"data:image\/svg+xml;base64,PHN2ZyB3aWR0aD0iMSIgaGVpZ2h0PSIxIiB4bWxucz0iaHR0cDovL3d3dy53My5vcmcvMjAwMC9zdmciPjwvc3ZnPg==\" style=\"--smush-placeholder-width: 300px; --smush-placeholder-aspect-ratio: 300\/200;\" \/><\/p>\n<p style=\"text-align: justify;\">Por instrucciones de la alcaldesa Carolina Mej\u00eda, quien vela por el bienestar de los capitale\u00f1os, fueron recuperados estos espacios p\u00fablicos ocupados indebidamente en las calles Francisco N\u00fa\u00f1ez Fabi\u00e1n, Daniel Henr\u00edquez, M\u00e1ximo Grull\u00f3n y Hermanos Pinz\u00f3n, del referido sector.<\/p>\n<p style=\"text-align: justify;\">El titular de la Direcci\u00f3n de Espacios P\u00fablicos, teniente coronel Jos\u00e9 An\u00edbal Sanz Melo, encabez\u00f3 la intervenci\u00f3n hecha a una metalera y un negocio que funciona como desguazadero de neveras, ambas realizaban sus actividades en las aceras, impidiendo la libre circulaci\u00f3n de los ciudadanos.<img decoding=\"async\" class=\"size-medium wp-image-38269 alignright lazyload\" data-src=\"https:\/\/defrentealaverdad.com\/wp-content\/uploads\/2025\/01\/IMG-20250128-WA0215-300x200.jpg\" alt=\"\" width=\"300\" height=\"200\" data-srcset=\"https:\/\/defrentealaverdad.com\/wp-content\/uploads\/2025\/01\/IMG-20250128-WA0215-300x200.jpg 300w, https:\/\/defrentealaverdad.com\/wp-content\/uploads\/2025\/01\/IMG-20250128-WA0215-1024x682.jpg 1024w, https:\/\/defrentealaverdad.com\/wp-content\/uploads\/2025\/01\/IMG-20250128-WA0215-768x512.jpg 768w, https:\/\/defrentealaverdad.com\/wp-content\/uploads\/2025\/01\/IMG-20250128-WA0215-1536x1023.jpg 1536w, https:\/\/defrentealaverdad.com\/wp-content\/uploads\/2025\/01\/IMG-20250128-WA0215.jpg 1600w\" data-sizes=\"(max-width: 300px) 100vw, 300px\" src=\"data:image\/svg+xml;base64,PHN2ZyB3aWR0aD0iMSIgaGVpZ2h0PSIxIiB4bWxucz0iaHR0cDovL3d3dy53My5vcmcvMjAwMC9zdmciPjwvc3ZnPg==\" style=\"--smush-placeholder-width: 300px; --smush-placeholder-aspect-ratio: 300\/200;\" \/><\/p>\n<p style=\"text-align: justify;\">Sanz Melo inform\u00f3 que los responsables de estas infracciones ser\u00e1n sometidos a la justicia durante esta semana. \u201cCon estas acciones reafirmamos el compromiso de la administraci\u00f3n municipal con la recuperaci\u00f3n y preservaci\u00f3n de los espacios p\u00fablicos\u201d, se\u00f1al\u00f3.<\/p>\n<p style=\"text-align: justify;\">Asimismo, fueron recuperadas aquellas aceras que hab\u00edan sido ocupadas con tarimas de madera.<\/p>\n<p style=\"text-align: justify;\">Estas acciones ejecutadas en diferentes puntos del Distrito Nacional buscan garantizar la seguridad de todos los ciudadanos, porque tal como reitera Carolina Mej\u00eda, en el orden y la limpieza radica el bienestar.<\/p>\n<p>Fuente: Prensa ADN<\/p>\n","protected":false},"excerpt":{"rendered":"<p>Los infractores ser\u00e1n sometidos a la justicia esta semana Santo Domingo, DN &#8211; La Alcald\u00eda<\/p>\n","protected":false},"author":4,"featured_media":38262,"comment_status":"open","ping_status":"open","sticky":false,"template":"","format":"standard","meta":{"footnotes":""},"categories":[7],"tags":[],"class_list":["post-38267","post","type-post","status-publish","format-standard","has-post-thumbnail","hentry","category-nacionales"],"_links":{"self":[{"href":"https:\/\/defrentealaverdad.com\/index.php\/wp-json\/wp\/v2\/posts\/38267","targetHints":{"allow":["GET"]}}],"collection":[{"href":"https:\/\/defrentealaverdad.com\/index.php\/wp-json\/wp\/v2\/posts"}],"about":[{"href":"https:\/\/defrentealaverdad.com\/index.php\/wp-json\/wp\/v2\/types\/post"}],"author":[{"embeddable":true,"href":"https:\/\/defrentealaverdad.com\/index.php\/wp-json\/wp\/v2\/users\/4"}],"replies":[{"embeddable":true,"href":"https:\/\/defrentealaverdad.com\/index.php\/wp-json\/wp\/v2\/comments?post=38267"}],"version-history":[{"count":2,"href":"https:\/\/defrentealaverdad.com\/index.php\/wp-json\/wp\/v2\/posts\/38267\/revisions"}],"predecessor-version":[{"id":38270,"href":"https:\/\/defrentealaverdad.com\/index.php\/wp-json\/wp\/v2\/posts\/38267\/revisions\/38270"}],"wp:featuredmedia":[{"embeddable":true,"href":"https:\/\/defrentealaverdad.com\/index.php\/wp-json\/wp\/v2\/media\/38262"}],"wp:attachment":[{"href":"https:\/\/defrentealaverdad.com\/index.php\/wp-json\/wp\/v2\/media?parent=38267"}],"wp:term":[{"taxonomy":"category","embeddable":true,"href":"https:\/\/defrentealaverdad.com\/index.php\/wp-json\/wp\/v2\/categories?post=38267"},{"taxonomy":"post_tag","embeddable":true,"href":"https:\/\/defrentealaverdad.com\/index.php\/wp-json\/wp\/v2\/tags?post=38267"}],"curies":[{"name":"wp","href":"https:\/\/api.w.org\/{rel}","templated":true}]}}