{"id":38253,"date":"2025-01-28T02:54:17","date_gmt":"2025-01-28T02:54:17","guid":{"rendered":"https:\/\/defrentealaverdad.com\/?p=38253"},"modified":"2025-01-30T02:56:30","modified_gmt":"2025-01-30T02:56:30","slug":"ejercito-detiene-17-nacionales-haitianos-en-autobus","status":"publish","type":"post","link":"https:\/\/defrentealaverdad.com\/index.php\/2025\/01\/28\/ejercito-detiene-17-nacionales-haitianos-en-autobus\/","title":{"rendered":"Ej\u00e9rcito detiene 17 nacionales haitianos en autob\u00fas"},"content":{"rendered":"<blockquote>\n<p style=\"text-align: justify;\">Otros haitianos indocumentados fueron detenidos en autom\u00f3viles tipo sed\u00e1n.<\/p>\n<\/blockquote>\n<p style=\"text-align: justify;\">Miembros del Ej\u00e9rcito de Rep\u00fablica Dominicana detuvieron un autob\u00fas con 17 nacionales haitianos en el municipio de Mao, provincia Valverde<\/p>\n<p style=\"text-align: justify;\">En el veh\u00edculo fue detenido, junto a los extranjeros, el dominicano Jer\u00f3nimo Antonio Santos, quien inform\u00f3 que acompa\u00f1aba al grupo en calidad de asesor migratorio.<\/p>\n<p style=\"text-align: justify;\">De los 17 nacionales haitianos, se determin\u00f3 que 11 se encuentran en tr\u00e1mites para regularizar su situaci\u00f3n migratoria, por lo que los 06 restantes, que no ten\u00edan ning\u00fan tipo de documentaci\u00f3n, fueron presentados ante el Ministerio P\u00fablico junto al supuesto asesor migratorio.<\/p>\n<p style=\"text-align: justify;\">Mientras que el conductor del autob\u00fas, marca Toyota, color Blanco, placa I061361, dej\u00f3 abandonado el veh\u00edculo pr\u00f3ximo al puesto de chequeo militar de Amina en el referido municipio.<\/p>\n<p style=\"text-align: justify;\"><strong>Arrestan otros 17 nacionales haitianos indocumentados en autom\u00f3viles tipo sed\u00e1n<\/strong><\/p>\n<p style=\"text-align: justify;\">Tambi\u00e9n en Valverde, en el municipio Esperanza, otro grupo de 15 indocumentados fue detenido en el sector Ca\u00f1eo, abordo de un carro Hyundai, Sonata, dise\u00f1ado con espacio para cinco personas, cuyo conductor emprendi\u00f3 la huida al notar la presencia de los militares. Mientras que en otro veh\u00edculo de la misma marca y modelo, 02 nacionales haitianos fueron detenidos en Villa Los Armacigos, Santiago Rodr\u00edguez. El conductor del autom\u00f3vil, identificado como <strong>Alexander Bera,<\/strong> fue detenido y ser\u00e1 puesto a disposici\u00f3n del Ministerio P\u00fablico.<\/p>\n<p>&nbsp;<\/p>\n<p>Fuente: Ej\u00e9rcito de Rep\u00fablica Dominicana<\/p>\n","protected":false},"excerpt":{"rendered":"<p>Otros haitianos indocumentados fueron detenidos en autom\u00f3viles tipo sed\u00e1n. Miembros del Ej\u00e9rcito de Rep\u00fablica Dominicana<\/p>\n","protected":false},"author":1,"featured_media":38255,"comment_status":"open","ping_status":"open","sticky":false,"template":"","format":"standard","meta":{"footnotes":""},"categories":[7],"tags":[],"class_list":["post-38253","post","type-post","status-publish","format-standard","has-post-thumbnail","hentry","category-nacionales"],"_links":{"self":[{"href":"https:\/\/defrentealaverdad.com\/index.php\/wp-json\/wp\/v2\/posts\/38253","targetHints":{"allow":["GET"]}}],"collection":[{"href":"https:\/\/defrentealaverdad.com\/index.php\/wp-json\/wp\/v2\/posts"}],"about":[{"href":"https:\/\/defrentealaverdad.com\/index.php\/wp-json\/wp\/v2\/types\/post"}],"author":[{"embeddable":true,"href":"https:\/\/defrentealaverdad.com\/index.php\/wp-json\/wp\/v2\/users\/1"}],"replies":[{"embeddable":true,"href":"https:\/\/defrentealaverdad.com\/index.php\/wp-json\/wp\/v2\/comments?post=38253"}],"version-history":[{"count":1,"href":"https:\/\/defrentealaverdad.com\/index.php\/wp-json\/wp\/v2\/posts\/38253\/revisions"}],"predecessor-version":[{"id":38254,"href":"https:\/\/defrentealaverdad.com\/index.php\/wp-json\/wp\/v2\/posts\/38253\/revisions\/38254"}],"wp:featuredmedia":[{"embeddable":true,"href":"https:\/\/defrentealaverdad.com\/index.php\/wp-json\/wp\/v2\/media\/38255"}],"wp:attachment":[{"href":"https:\/\/defrentealaverdad.com\/index.php\/wp-json\/wp\/v2\/media?parent=38253"}],"wp:term":[{"taxonomy":"category","embeddable":true,"href":"https:\/\/defrentealaverdad.com\/index.php\/wp-json\/wp\/v2\/categories?post=38253"},{"taxonomy":"post_tag","embeddable":true,"href":"https:\/\/defrentealaverdad.com\/index.php\/wp-json\/wp\/v2\/tags?post=38253"}],"curies":[{"name":"wp","href":"https:\/\/api.w.org\/{rel}","templated":true}]}}