{"id":38250,"date":"2025-01-28T02:49:10","date_gmt":"2025-01-28T02:49:10","guid":{"rendered":"https:\/\/defrentealaverdad.com\/?p=38250"},"modified":"2025-01-30T02:52:53","modified_gmt":"2025-01-30T02:52:53","slug":"tokischa-y-yailin-la-mas-viral-fuera-de-la-nominacion-en-los-premios-soberano-2025","status":"publish","type":"post","link":"https:\/\/defrentealaverdad.com\/index.php\/2025\/01\/28\/tokischa-y-yailin-la-mas-viral-fuera-de-la-nominacion-en-los-premios-soberano-2025\/","title":{"rendered":"Tokischa y Yailin La M\u00e1s Viral Fuera de la Nominaci\u00f3n en los Premios Soberano 2025"},"content":{"rendered":"<p style=\"text-align: justify;\">La reciente publicaci\u00f3n de los nominados a los Premios Soberano 2025, considerados el m\u00e1ximo reconocimiento al talento art\u00edstico en Rep\u00fablica Dominicana, ha dejado una pol\u00e9mica inesperada: la ausencia de Tokischa y Yailin La M\u00e1s Viral en las categor\u00edas de Artista y\/o Agrupaci\u00f3n Urbana y Artista Destacada en el Extranjero de esta edicion<\/p>\n<p style=\"text-align: justify;\">Esta decisi\u00f3n ha desatado debates sobre los criterios de selecci\u00f3n de la Asociaci\u00f3n de Cronistas de Arte (ACROARTE) y el lugar del g\u00e9nero urbano en la escena musical del pa\u00eds<\/p>\n<p style=\"text-align: justify;\"><strong>Tokischa<\/strong> ha destacado como una de las artistas dominicanas m\u00e1s internacionales de los \u00faltimos a\u00f1os. Su estilo disruptivo y sus letras audaces le han permitido colaborar con figuras ic\u00f3nicas como Rosal\u00eda y Madonna, rompiendo barreras musicales y proyectando la m\u00fasica dominicana en el \u00e1mbito global. Por su parte, <strong>Yailin<\/strong> <em>La M\u00e1s Viral<\/em> ha logrado consolidarse como una figura medi\u00e1tica de mayor peso en el pais su colaboraci\u00f3n en 2023 con Cardi B, Farina y La Insuperable, que vali\u00f3 una nominaci\u00f3n en los Premios Juventud. En 2024, su popularidad alcanz\u00f3 un nuevo pico con \u00e9xitos como \u201cBing Bong\u201d y \u201cSilla\u201d, temas que no solo dominaron las listas nacionales, sino que tambi\u00e9n tuvieron alcance en plataforma como TikTok han resonado no solo en el pa\u00eds, sino tambi\u00e9n en mercados internacionales.<\/p>\n<p>A pesar de estos logros, ninguna de las dos artistas fue incluida en las nominaciones de los Premios Soberano, una decisi\u00f3n que muchos consideran un desaire al movimiento urbano.<\/p>\n<p><strong>\u00bfQu\u00e9 est\u00e1 fallando en los Premios Soberano?<\/strong><\/p>\n<p style=\"text-align: justify;\">La exclusi\u00f3n de estas artistas plantea preguntas importantes:<em> \u00bfse est\u00e1 reconociendo de manera justa el impacto de los artistas urbanos? \u00bfEst\u00e1n los premios adapt\u00e1ndose a las nuevas din\u00e1micas de la industria musical?<\/em> Los fan\u00e1ticos y cr\u00edticos coinciden en que el g\u00e9nero urbano es actualmente uno de los mayores exportadores de cultura dominicana, tanto por su alcance como por su influencia en la toma de decisiones de las nuevas generaciones.<\/p>\n<p style=\"text-align: justify;\">Algunos comentarista de expectaculo se\u00f1alan que los Premios Soberano enfrentan un dilema entre premiar propuestas art\u00edsticas tradicionales y reconocer el impacto comercial de los nuevos g\u00e9neros. En este contexto, la omisi\u00f3n de Tokischa y Yailin puede interpretarse como una falta de conexi\u00f3n entre ACROARTE y las realidades de una industria en constante evoluci\u00f3n.<\/p>\n<p style=\"text-align: justify;\">M\u00e1s all\u00e1 de la pol\u00e9mica, esta situaci\u00f3n pone sobre la mesa la necesidad de revisar los criterios de selecci\u00f3n de los Premios Soberano para garantizar que el talento dominicano sea representado en toda su diversidad. En un momento en el que el g\u00e9nero urbano domina las plataformas digitales y las listas de popularidad, ignorar a sus principales exponentes nos lleva a preguntarnos que tanto es la credibilidad de estos premios<\/p>\n<p style=\"text-align: justify;\">Tokischa y Yailin han demostrado ser embajadoras de la m\u00fasica dominicana en el mundo, llevando el nombre del pa\u00eds a escenarios internacionales. Su exclusi\u00f3n no disminuye su impacto ni su talento, pero s\u00ed refleja la necesidad de un cambio en c\u00f3mo valoramos y reconocemos el arte en premiaciones.<\/p>\n<p style=\"text-align: justify;\">Los Premios Soberano tienen en sus manos una responsabilidad que va m\u00e1s all\u00e1 de entregar estatuillas: definir qu\u00e9 significa el m\u00e9rito art\u00edstico en Rep\u00fablica Dominicana. Reconocer a figuras como Tokischa y Yailin no es solo un acto de justicia, sino un paso necesario para mantener viva y relevante la identidad cultural del pa\u00eds.<\/p>\n<p>Fuente: Francisca Jimenez<\/p>\n","protected":false},"excerpt":{"rendered":"<p>La reciente publicaci\u00f3n de los nominados a los Premios Soberano 2025, considerados el m\u00e1ximo reconocimiento<\/p>\n","protected":false},"author":1,"featured_media":38251,"comment_status":"open","ping_status":"open","sticky":false,"template":"","format":"standard","meta":{"footnotes":""},"categories":[249],"tags":[],"class_list":["post-38250","post","type-post","status-publish","format-standard","has-post-thumbnail","hentry","category-farandula"],"_links":{"self":[{"href":"https:\/\/defrentealaverdad.com\/index.php\/wp-json\/wp\/v2\/posts\/38250","targetHints":{"allow":["GET"]}}],"collection":[{"href":"https:\/\/defrentealaverdad.com\/index.php\/wp-json\/wp\/v2\/posts"}],"about":[{"href":"https:\/\/defrentealaverdad.com\/index.php\/wp-json\/wp\/v2\/types\/post"}],"author":[{"embeddable":true,"href":"https:\/\/defrentealaverdad.com\/index.php\/wp-json\/wp\/v2\/users\/1"}],"replies":[{"embeddable":true,"href":"https:\/\/defrentealaverdad.com\/index.php\/wp-json\/wp\/v2\/comments?post=38250"}],"version-history":[{"count":1,"href":"https:\/\/defrentealaverdad.com\/index.php\/wp-json\/wp\/v2\/posts\/38250\/revisions"}],"predecessor-version":[{"id":38252,"href":"https:\/\/defrentealaverdad.com\/index.php\/wp-json\/wp\/v2\/posts\/38250\/revisions\/38252"}],"wp:featuredmedia":[{"embeddable":true,"href":"https:\/\/defrentealaverdad.com\/index.php\/wp-json\/wp\/v2\/media\/38251"}],"wp:attachment":[{"href":"https:\/\/defrentealaverdad.com\/index.php\/wp-json\/wp\/v2\/media?parent=38250"}],"wp:term":[{"taxonomy":"category","embeddable":true,"href":"https:\/\/defrentealaverdad.com\/index.php\/wp-json\/wp\/v2\/categories?post=38250"},{"taxonomy":"post_tag","embeddable":true,"href":"https:\/\/defrentealaverdad.com\/index.php\/wp-json\/wp\/v2\/tags?post=38250"}],"curies":[{"name":"wp","href":"https:\/\/api.w.org\/{rel}","templated":true}]}}