{"id":38247,"date":"2025-01-28T02:42:16","date_gmt":"2025-01-28T02:42:16","guid":{"rendered":"https:\/\/defrentealaverdad.com\/?p=38247"},"modified":"2025-01-30T02:44:20","modified_gmt":"2025-01-30T02:44:20","slug":"falta-de-talento-o-falta-de-vision-reflexiones-sobre-las-nominaciones-de-acroarte-2024","status":"publish","type":"post","link":"https:\/\/defrentealaverdad.com\/index.php\/2025\/01\/28\/falta-de-talento-o-falta-de-vision-reflexiones-sobre-las-nominaciones-de-acroarte-2024\/","title":{"rendered":"\u00bfFalta de talento o falta de visi\u00f3n? Reflexiones sobre las nominaciones de Acroarte 2024"},"content":{"rendered":"<p style=\"text-align: justify;\">Las recientes nominaciones de Acroarte han dejado un sabor amargo en el \u00e1mbito art\u00edstico dominicano. Con solo dos nominados en algunas categor\u00edas, surge la inevitable pregunta<em>: \u00bfes que en Rep\u00fablica Dominicana no hay suficientes talentos competitivos para completar las listas?<\/em><\/p>\n<p style=\"text-align: justify;\">Resulta dif\u00edcil aceptar esta idea en un pa\u00eds que continuamente produce exponentes destacados en la m\u00fasica, el cine, la televisi\u00f3n y otros espacios art\u00edsticos. La decisi\u00f3n de limitar las categor\u00edas a tan pocos nombres puede interpretarse como una falta de visi\u00f3n o incluso de esfuerzo por explorar el panorama art\u00edstico en su totalidad.<\/p>\n<p style=\"text-align: justify;\">Otro aspecto que llama la atenci\u00f3n es la inclusi\u00f3n de proyectos que claramente no han tenido el tiempo suficiente para ser evaluados objetivamente. Por ejemplo, pel\u00edculas lanzadas apenas semanas antes del anuncio de las nominaciones, que deber\u00edan haber sido consideradas en la edici\u00f3n del pr\u00f3ximo a\u00f1o, aparecen en esta lista. Esto no solo es injusto para los artistas que s\u00ed trabajaron consistentemente durante el 2024, sino que tambi\u00e9n genera dudas sobre los criterios utilizados para evaluar estas obras. Lo mismo aplica a los videoclips, algunos de los cuales tienen apenas meses de lanzamiento y a\u00fan no han tenido suficiente impacto o repercusi\u00f3n para justificar su nominaci\u00f3n.<\/p>\n<p style=\"text-align: justify;\">En este contexto, tambi\u00e9n resulta preocupante la omisi\u00f3n de figuras relevantes del entretenimiento dominicano, como Francisca, Yailin La M\u00e1s Viral y Elvis Mart\u00ednez, quienes han tenido un 2024 lleno de trabajo y reconocimiento. Su exclusi\u00f3n pone en entredicho la representatividad de estas nominaciones y deja la impresi\u00f3n de que se han ignorado aportes significativos al arte y la cultura nacional.<\/p>\n<p style=\"text-align: justify;\">Es cierto que el trabajo de Acroarte no es f\u00e1cil. Evaluar, seleccionar y reconocer a lo mejor del arte y el espect\u00e1culo implica un an\u00e1lisis profundo y un compromiso con la objetividad. Sin embargo, las decisiones tomadas en esta edici\u00f3n reflejan un descuido preocupante, que no solo afecta a los artistas, sino tambi\u00e9n a la credibilidad de la premiaci\u00f3n.<\/p>\n<p style=\"text-align: justify;\">La riqueza cultural y el talento de Rep\u00fablica Dominicana no pueden ser reducidos a listas incompletas ni a decisiones apresuradas. Urge una reflexi\u00f3n sobre los procesos de nominaci\u00f3n y selecci\u00f3n para garantizar que el arte dominicano sea representado con justicia y que cada nominaci\u00f3n sea un verdadero reflejo de la calidad y el esfuerzo de nuestros artistas.<\/p>\n<p>Fuente: Waldy Polanco<\/p>\n","protected":false},"excerpt":{"rendered":"<p>Las recientes nominaciones de Acroarte han dejado un sabor amargo en el \u00e1mbito art\u00edstico dominicano.<\/p>\n","protected":false},"author":1,"featured_media":38248,"comment_status":"open","ping_status":"open","sticky":false,"template":"","format":"standard","meta":{"footnotes":""},"categories":[249],"tags":[],"class_list":["post-38247","post","type-post","status-publish","format-standard","has-post-thumbnail","hentry","category-farandula"],"_links":{"self":[{"href":"https:\/\/defrentealaverdad.com\/index.php\/wp-json\/wp\/v2\/posts\/38247","targetHints":{"allow":["GET"]}}],"collection":[{"href":"https:\/\/defrentealaverdad.com\/index.php\/wp-json\/wp\/v2\/posts"}],"about":[{"href":"https:\/\/defrentealaverdad.com\/index.php\/wp-json\/wp\/v2\/types\/post"}],"author":[{"embeddable":true,"href":"https:\/\/defrentealaverdad.com\/index.php\/wp-json\/wp\/v2\/users\/1"}],"replies":[{"embeddable":true,"href":"https:\/\/defrentealaverdad.com\/index.php\/wp-json\/wp\/v2\/comments?post=38247"}],"version-history":[{"count":1,"href":"https:\/\/defrentealaverdad.com\/index.php\/wp-json\/wp\/v2\/posts\/38247\/revisions"}],"predecessor-version":[{"id":38249,"href":"https:\/\/defrentealaverdad.com\/index.php\/wp-json\/wp\/v2\/posts\/38247\/revisions\/38249"}],"wp:featuredmedia":[{"embeddable":true,"href":"https:\/\/defrentealaverdad.com\/index.php\/wp-json\/wp\/v2\/media\/38248"}],"wp:attachment":[{"href":"https:\/\/defrentealaverdad.com\/index.php\/wp-json\/wp\/v2\/media?parent=38247"}],"wp:term":[{"taxonomy":"category","embeddable":true,"href":"https:\/\/defrentealaverdad.com\/index.php\/wp-json\/wp\/v2\/categories?post=38247"},{"taxonomy":"post_tag","embeddable":true,"href":"https:\/\/defrentealaverdad.com\/index.php\/wp-json\/wp\/v2\/tags?post=38247"}],"curies":[{"name":"wp","href":"https:\/\/api.w.org\/{rel}","templated":true}]}}