{"id":3820,"date":"2023-03-05T14:57:59","date_gmt":"2023-03-05T14:57:59","guid":{"rendered":"https:\/\/defrentealaverdad.com\/?p=3820"},"modified":"2023-03-07T15:00:53","modified_gmt":"2023-03-07T15:00:53","slug":"gran-avivamiento-llega-a-costa-rica-en-activadas-2023","status":"publish","type":"post","link":"https:\/\/defrentealaverdad.com\/index.php\/2023\/03\/05\/gran-avivamiento-llega-a-costa-rica-en-activadas-2023\/","title":{"rendered":"Gran Avivamiento llega a Costa Rica en Activadas 2023"},"content":{"rendered":"<p style=\"text-align: justify;\"><img decoding=\"async\" class=\"alignnone size-medium wp-image-3821 lazyload\" data-src=\"https:\/\/defrentealaverdad.com\/wp-content\/uploads\/2023\/03\/WhatsApp-Image-2023-03-03-at-18.36.16-300x157.jpeg\" alt=\"\" width=\"300\" height=\"157\" data-srcset=\"https:\/\/defrentealaverdad.com\/wp-content\/uploads\/2023\/03\/WhatsApp-Image-2023-03-03-at-18.36.16-300x157.jpeg 300w, https:\/\/defrentealaverdad.com\/wp-content\/uploads\/2023\/03\/WhatsApp-Image-2023-03-03-at-18.36.16-1024x536.jpeg 1024w, https:\/\/defrentealaverdad.com\/wp-content\/uploads\/2023\/03\/WhatsApp-Image-2023-03-03-at-18.36.16-768x402.jpeg 768w, https:\/\/defrentealaverdad.com\/wp-content\/uploads\/2023\/03\/WhatsApp-Image-2023-03-03-at-18.36.16-1536x804.jpeg 1536w, https:\/\/defrentealaverdad.com\/wp-content\/uploads\/2023\/03\/WhatsApp-Image-2023-03-03-at-18.36.16.jpeg 1600w\" data-sizes=\"(max-width: 300px) 100vw, 300px\" src=\"data:image\/svg+xml;base64,PHN2ZyB3aWR0aD0iMSIgaGVpZ2h0PSIxIiB4bWxucz0iaHR0cDovL3d3dy53My5vcmcvMjAwMC9zdmciPjwvc3ZnPg==\" style=\"--smush-placeholder-width: 300px; --smush-placeholder-aspect-ratio: 300\/157;\" \/><\/p>\n<p style=\"text-align: justify;\">Gran avivamiento llega por primera vez a San Jos\u00e9 Costa Rica, para activar milagros de restauraci\u00f3n, sanidad y liberaci\u00f3n, junto a las exponentes de la palabra de Dios, Pastora Cinthya Araya de Costa Rica y como invitada internacional desde Nigeria la Pastora Evelyn Joshua, una mujer que Dios asign\u00f3 para este tiempo, llevando un mensaje de esperanza, despu\u00e9s de mucho tiempo por primera vez al pa\u00eds centroamericano.<\/p>\n<p style=\"text-align: justify;\"><strong><em>\u201cIndudablemente, me siento muy bendecida, creo que la visita de Evelyn Joshua ac\u00e1 en Costa Rica, es una visita determinante, ella carga un peso de parte de Dios muy fuerte en sanidad, en milagros , en liberaciones, Dios la usa de forma muy sobrenatural, en lo personal me siento muy satisfecha, complacida y feliz de que viene a Costa Rica para dejar un dep\u00f3sito espiritual en esta naci\u00f3n y una bendici\u00f3n de parte de Dios en Costa Rica\u201d \u2013\u00a0<\/em><\/strong> expres\u00f3 la pastora Cinthya Araya fundadora del Congreso Activadas.<\/p>\n<p style=\"text-align: justify;\">Entre los expositores invitados al glorioso Congreso de Activadas: \u00abActivando un avivamiento\u00bb, cabe destacar al Profeta Pavlo Chaves, la Pastora Carmen Carazo, la Pastora Ruth De Sol\u00eds y el Pastor Randall Chaves. El\u00a0encuentro se realizar\u00e1 durante los d\u00edas: viernes 17 a las 6:00pm\u00a0 y s\u00e1bado 18 a las 9:00am de marzo 2023 \u00a0en las instalaciones de BN ARENA HATILLO #2.<\/p>\n<p style=\"text-align: justify;\">El encuentro es dirigido a todo p\u00fablico\u00a0y cabe destacar que es gratuito.\u00a0\u00a0Te esperamos, pues tienes que decirle a alguien que: \u00a1Jes\u00fas puede hacerlo!<\/p>\n<p style=\"text-align: justify;\">Para m\u00e1s informaci\u00f3n\u00a0 puedes contactar al n\u00famero 7107-8626<\/p>\n<p style=\"text-align: justify;\">\n<p style=\"text-align: justify;\">\u00a0<strong>Sobre el Congreso Activadas<\/strong><\/p>\n<p style=\"text-align: justify;\">\n<p style=\"text-align: justify;\">Activadas es un congreso de mujeres que naci\u00f3 en el coraz\u00f3n de Dios y quien se lo entrega a la Pastora Cinthya Araya, quien desde el a\u00f1o 2017 realiza con un despliegue de bendici\u00f3n\u00a0y activaci\u00f3n para todos los asistentes. Desde sus inicios fue pensado solo en las mujeres, en una forma de ayudarlas a creer en s\u00ed mismas, en su potencial y capacidad para superar situaciones adversas y salir adelante de la mano de Dios, sin embargo para este a\u00f1o se ha tomado \u00a0en cuenta a la familia en su totalidad, con la idea de que no solo las mujeres sean bendecidas, si no toda su casa.<\/p>\n<p style=\"text-align: justify;\">Durante estos a\u00f1os ha tenido invitados nacionales e internacionales, tales como Johan Rosario desde Estados Unidos, la salmista Carmen Gloria de M\u00e9xico, la Pastora Ana Mar\u00eda Rodr\u00edguez de la Iglesia Avivamiento en Colombia, la profeta Awilda Motta de Rep\u00fablica Dominicana, la profeta Marcela Acosta de Espa\u00f1a, as\u00ed mismo ha tenido conferencistas nacionales como la Pastora Carmen Carazo, el Pastor Ronny Chaves, y la conferencista Laura Moscoa entre otros.<\/p>\n<p style=\"text-align: justify;\">\n<p>&nbsp;<\/p>\n<p>Fuente: Equipo de Comunicaciones Congreso Activada<\/p>\n","protected":false},"excerpt":{"rendered":"<p>Gran avivamiento llega por primera vez a San Jos\u00e9 Costa Rica, para activar milagros de<\/p>\n","protected":false},"author":1,"featured_media":0,"comment_status":"open","ping_status":"open","sticky":false,"template":"","format":"standard","meta":{"footnotes":""},"categories":[6,16],"tags":[],"class_list":["post-3820","post","type-post","status-publish","format-standard","hentry","category-espectaculos","category-internacionales"],"_links":{"self":[{"href":"https:\/\/defrentealaverdad.com\/index.php\/wp-json\/wp\/v2\/posts\/3820","targetHints":{"allow":["GET"]}}],"collection":[{"href":"https:\/\/defrentealaverdad.com\/index.php\/wp-json\/wp\/v2\/posts"}],"about":[{"href":"https:\/\/defrentealaverdad.com\/index.php\/wp-json\/wp\/v2\/types\/post"}],"author":[{"embeddable":true,"href":"https:\/\/defrentealaverdad.com\/index.php\/wp-json\/wp\/v2\/users\/1"}],"replies":[{"embeddable":true,"href":"https:\/\/defrentealaverdad.com\/index.php\/wp-json\/wp\/v2\/comments?post=3820"}],"version-history":[{"count":1,"href":"https:\/\/defrentealaverdad.com\/index.php\/wp-json\/wp\/v2\/posts\/3820\/revisions"}],"predecessor-version":[{"id":3822,"href":"https:\/\/defrentealaverdad.com\/index.php\/wp-json\/wp\/v2\/posts\/3820\/revisions\/3822"}],"wp:attachment":[{"href":"https:\/\/defrentealaverdad.com\/index.php\/wp-json\/wp\/v2\/media?parent=3820"}],"wp:term":[{"taxonomy":"category","embeddable":true,"href":"https:\/\/defrentealaverdad.com\/index.php\/wp-json\/wp\/v2\/categories?post=3820"},{"taxonomy":"post_tag","embeddable":true,"href":"https:\/\/defrentealaverdad.com\/index.php\/wp-json\/wp\/v2\/tags?post=3820"}],"curies":[{"name":"wp","href":"https:\/\/api.w.org\/{rel}","templated":true}]}}