{"id":38172,"date":"2025-01-28T01:04:05","date_gmt":"2025-01-28T01:04:05","guid":{"rendered":"https:\/\/defrentealaverdad.com\/?p=38172"},"modified":"2025-01-29T01:17:02","modified_gmt":"2025-01-29T01:17:02","slug":"nominados-a-premios-soberano-agradecen-reconocimiento-a-su-trabajo","status":"publish","type":"post","link":"https:\/\/defrentealaverdad.com\/index.php\/2025\/01\/28\/nominados-a-premios-soberano-agradecen-reconocimiento-a-su-trabajo\/","title":{"rendered":"Nominados a Premios Soberano agradecen reconocimiento a su trabajo"},"content":{"rendered":"<p style=\"text-align: justify;\">SANTO DOMINGO.- De cara al anuncio de las nominaciones realizadas por Acroarte para la gala del 2025 de Premios Soberano, artistas y talentos de los diferentes renglones agracen el reconocimiento a su trabajo, as\u00ed como el respaldo del p\u00fablico y los medios de comunicaci\u00f3n en cada uno de sus proyectos.<\/p>\n<p style=\"text-align: justify;\">En el apartado de cine, <strong>Zumaya Cordero<\/strong>, de Caribbean Media World y Caribbean Media Films resalt\u00f3 que <em>\u201cRecibimos estas 4 nominaciones en rengl\u00f3n cine con mucha humildad y compromiso de continuar produciendo cine de calidad, para la familia con mensajes positivos, y lograr que el humor dominicano a trav\u00e9s de cada pel\u00edcula que hacemos sea exportable. \u201cEl Heredero\u201d y \u201cPerdiendo el Juicio\u201d<\/em> son ejemplo de esto\u201d.<\/p>\n<p style=\"text-align: justify;\">Ambas compiten por Comedia del a\u00f1o, y \u201cPerdiendo el Juicio\u201d suma las actuaciones de Clarissa Molina y Shalim Ortiz como Actor y Actriz, respectivamente.<\/p>\n<blockquote>\n<p style=\"text-align: justify;\">\u201cMe siento muy honrada de recibir estas dos nominaciones junto a mujeres y colegas que admiro y respeto mucho. Cuando me enter\u00e9, lo \u00fanico que sent\u00eda aparte de felicidad, fue el agradecimiento hacia Dios y a cada uno de los que han sido parte de mi carrera desde el d\u00eda uno. \u00a1Estas nominaciones me impulsan a continuar trabajando siempre dejando el nombre de mi Rep\u00fablica Dominicana en alto!\u201d, manifest\u00f3 *Clarissa Molina*, nominada tambi\u00e9n a Comunicadora destacada en el extranjero.<\/p>\n<\/blockquote>\n<p style=\"text-align: justify;\">Por otro lado, tambi\u00e9n con 4 nominaciones est\u00e1 \u201cLa Grande\u201d, abarcando Director, Drama del a\u00f1o y Actriz Principal, con Lumy Lizardo y La Marimba. \u201cGracias por reconocer nuestro trabajo. La Grande celebra con orgullo estas nominaciones, un honor que refleja el esfuerzo y talento de todo el equipo\u201d, sostuvo *Antonio Rubio*, productor de la cinta.<\/p>\n<blockquote>\n<p style=\"text-align: justify;\">\u201cGracias por la distinci\u00f3n del reconocimiento a mi interpretaci\u00f3n de Fefita La Grande\u201d, agreg\u00f3 *Lumy Lizardo*.<\/p>\n<\/blockquote>\n<p style=\"text-align: justify;\">Adem\u00e1s La Marimba afirm\u00f3 sentirse honrada:<\/p>\n<blockquote>\n<p style=\"text-align: justify;\">\u201cAgradecida y honrada de que mi trabajo en este homenaje a nuestra querida Fefita sea reconocido en este espacio que celebra el talento y el esfuerzo de nuestra industria art\u00edstica\u201d<\/p>\n<\/blockquote>\n<p>Asimismo, J<strong>ean Guerra <\/strong>destac\u00f3 la inclusi\u00f3n de \u201c*Capit\u00e1n Avispa*\u201d como Drama.<\/p>\n<blockquote>\n<p style=\"text-align: justify;\">\u201cCapit\u00e1n Avispa fue un reto emocionante de aceptar, un proceso de producci\u00f3n hermoso que concluy\u00f3 con un resultado espectacular y una aceptaci\u00f3n a nivel mundial que super\u00f3 nuestras propias expectativas. Gracias por este reconocimiento\u201d.<\/p>\n<\/blockquote>\n<p style=\"text-align: justify;\">Como videoclip del a\u00f1o, por <em>\u201cConsuelo\u201d<\/em> R<strong>oger Zayas<\/strong>\u00a0y Jean Guerra indicaron que <em>\u201cAgradecido de esta nominaci\u00f3n y en especial con todos los que participaron\u201d. <\/em><\/p>\n<blockquote>\n<p style=\"text-align: justify;\">\u201cEs la primera vez en mi carrera que presento un video y estoy muy feliz del trabajo que logramos\u201d, puntualiz\u00f3 Zayas.<\/p>\n<\/blockquote>\n<p style=\"text-align: justify;\">En el rengl\u00f3n comunicaci\u00f3n, Bianca Garc\u00eda compite en la categor\u00eda Programa de Temporada por <strong>\u201cSofia Globitos\u201d<\/strong><\/p>\n<blockquote>\n<p style=\"text-align: justify;\">\u201cGracias por esta nominaci\u00f3n, es un honor para m\u00ed formar parte de este reconocimiento. Gracias a todos los que ponen su esfuerzo para que este hermoso proyecto siga aportando a nuestros ni\u00f1os\u201d.<\/p>\n<\/blockquote>\n<p style=\"text-align: justify;\">Mientras que, por las nominaciones de Programa Radial de Variedades, <strong>Brea Frank<\/strong>\u00a0destac\u00f3 <em>\u201cBrindamos lo mejor para nuestro p\u00fablico y nos sentimos m\u00e1s que orgullosos que hayan reconocido el trabajo que con calidad y cari\u00f1o hacemos todos los d\u00edas\u201d<\/em>, en nombre del equipo de La Uca.<\/p>\n<p style=\"text-align: justify;\">En el regl\u00f3n popular, M<strong>anny Cruz <\/strong>cuenta con dos nominaciones: Merenguero y Colaboraci\u00f3n por \u201cEl Motor\u201d.<\/p>\n<blockquote>\n<p style=\"text-align: justify;\">\u201cMuy honrado por estas dos nominaciones a Premio Soberano. Estar en el rengl\u00f3n de Merenguero del A\u00f1o es sumamente especial para m\u00ed\u201d, sostuvo el artista.<\/p>\n<\/blockquote>\n<p><strong>Jos\u00e9 Alberto<\/strong> \u201cEl Canario\u201d como Salsero del a\u00f1o.<\/p>\n<blockquote>\n<p style=\"text-align: justify;\">\u201cMuy agradecido estoy por tanto cari\u00f1o y bendiciones. Seguiremos poniendo en alto la bandera de la salsa con mucho orgullo\u201d.<\/p>\n<\/blockquote>\n<p>*Badir*, como Solista del 2024 manifest\u00f3:<\/p>\n<blockquote>\n<p style=\"text-align: justify;\">\u201cQue mejor manera de iniciar a celebrar mi quinto a\u00f1o de carrera, mi tercera nominaci\u00f3n, una carrera que se mantiene en el gusto popular dominicano y que va creciendo, sigo comprometido con dar m\u00fasica de calidad a mi pa\u00eds y en marzo subir\u00e9 a buscar mi estatuilla que es m\u00eda y de un movimiento que crece cada d\u00eda m\u00e1s, los que cantamos con el alma y el coraz\u00f3n en la mano\u201d.<\/p>\n<\/blockquote>\n<p style=\"text-align: justify;\"><strong>Wilfrido Vargas,<\/strong> con su sencillo \u201cEl Beb\u00e9\u201d, est\u00e1 nominado a Merengue del a\u00f1o<\/p>\n<blockquote>\n<p style=\"text-align: justify;\">\u00abLa felicidad y orgullo que corre por mi sangre no tienen explicaci\u00f3n, que gusto ver que les gust\u00f3 tanto \u201cEl beb\u00e9\u201d. El merengue es un g\u00e9nero que no tiene caducidad y gracias a su amor y cari\u00f1o es que siempre estar\u00e1 vigente. Gracias por acompa\u00f1arme en este camino y gracias a los premios soberanos por contagiarse de este g\u00e9nero que queremos tanto\u00bb.<\/p>\n<\/blockquote>\n<p style=\"text-align: justify;\">Mientras que *Allendy* se suma a Bachata del 2024 con \u201cDime t\u00fa\u201d.<\/p>\n<blockquote>\n<p style=\"text-align: justify;\">\u201cHoy doy gracias a Dios por esta maravillosa sorpresa que trae a mi vida. Vamos por m\u00e1s\u201d, dijo el bachatero.<\/p>\n<\/blockquote>\n<p style=\"text-align: justify;\">En \u00c1lbum Del A\u00f1o y Artista Fusi\u00f3n Contempor\u00e1neo, Vladimir Dotel de *Ilegales* dijo:\u00a0 <em>\u201cPrimero gracias a Dios, a Acroarte y a sus miembros y a todos los que trabajaron en este \u00e1lbum, a nuestras familias. Esto va dedicado a todos. Nos motiva mucho que nos tomen en cuenta, 30 a\u00f1os despu\u00e9s, seguimos d\u00e1ndolo todo\u201d.<\/em><\/p>\n<p><strong>Zeo Mu\u00f1oz,<\/strong> por su nominaci\u00f3n en la categor\u00eda Agrupaci\u00f3n y\/o agrupaci\u00f3n residente en el extranjero, agreg\u00f3:<\/p>\n<blockquote>\n<p style=\"text-align: justify;\">\u201cRecibo esto con mucha alegr\u00eda y agradecimiento. Esta es mi primera nominaci\u00f3n a Premios Soberano como artista y all\u00e1 estar\u00e9 en representaci\u00f3n de tanta gente que me ha acompa\u00f1ado desde mi primera canci\u00f3n\u201d.<\/p>\n<\/blockquote>\n<p><strong>Techy Fatule,.<\/strong>este a\u00f1o incluida en la categor\u00eda nueva Artista Fusi\u00f3n Contempor\u00e1neo:<\/p>\n<blockquote>\n<p style=\"text-align: justify;\">\u201cGracias por la distinci\u00f3n. Me siento honrada de competir con mis compa\u00f1eros que han hecho m\u00fasica por muchos a\u00f1os\u201d.<\/p>\n<\/blockquote>\n<p>De su lado, <strong>Cruz Monty,<\/strong> nominado por primera vez, indic\u00f3:<\/p>\n<blockquote>\n<p style=\"text-align: justify;\">\u201cEl tiempo de Dios es perfecto. Recibo con mucho cari\u00f1o y humildad esta nominaci\u00f3n como Compositor. Gracias infinitas por reconocer y destacar mi labor durante el 2024 y a La Oreja Media que nunca ha dejado de creer en m\u00ed\u201d.<\/p>\n<\/blockquote>\n<p style=\"text-align: justify;\">Como orquestador y arreglista, <strong>Antonio Gonz\u00e1lez<\/strong> agradeci\u00f3 diciendo que <em>\u201cMuy honrado de compartir esta nominaci\u00f3n con estos profesionales y compa\u00f1eros que admiro y respeto much\u00edsimo. Es una impresi\u00f3n de alegr\u00eda y emociones. Este fue un a\u00f1o muy bueno para m\u00ed y me alegra poder estar ah\u00ed\u201d.<\/em><\/p>\n<p style=\"text-align: justify;\">Por la nominaci\u00f3n como Espect\u00e1culo del a\u00f1o, con el show Las Chicas de Can: El reencuentro, sus productores <strong>Miguel del Villar y Tueska, <\/strong>\u00a0dijeron <em>\u201cEsta nominaci\u00f3n representa todo el esfuerzo impregnado en la producci\u00f3n de este espect\u00e1culo hecho con el coraz\u00f3n para el disfrute de todos\u201d.<\/em><\/p>\n<p style=\"text-align: justify;\">Mientras que por Espect\u00e1culo de Humor, <strong>La Gonz\u00e1lez <\/strong>es un show full edition, producido por Enmanuel Flores, ambos indicaron:<\/p>\n<blockquote>\n<p style=\"text-align: justify;\">\u201cEste reconocimiento es una prueba de que cuando trabajas con pasi\u00f3n y autenticidad, los sue\u00f1os encuentran su camino hacia la realidad\u201d<\/p>\n<\/blockquote>\n<p style=\"text-align: justify;\">En la categor\u00eda de M\u00fasica Alternativa, <strong>Let\u00f3n P\u00e9<\/strong>\u00a0sostuvo que <em>\u201cHonrada y con el coraz\u00f3n lleno. Celebro el apoyo de quienes han abierto sus o\u00eddos a lo que hago desde el coraz\u00f3n y sin formulas. A paso firme para seguir acompa\u00f1ando a quienes conectan y ellos me sigan acompa\u00f1ando hasta donde Dios me lo permita\u201d,<\/em> mientras que el tr\u00edo <strong>Solo Fern\u00e1ndez<\/strong>\u00a0agreg\u00f3:<\/p>\n<blockquote>\n<p style=\"text-align: justify;\">\u201cAgradecidos de tener la oportunidad y la dicha de ser reconocidos por hacer el trabajo que amamos, por este proyecto que hacemos con tanto esfuerzo y que llevamos tan cerca de nuestro coraz\u00f3n\u201d<\/p>\n<\/blockquote>\n<p style=\"text-align: justify;\">La ceremonia de Premios Soberano ser\u00e1 celebrado el martes 25 de marzo en la sala Carlos Piantini del Teatro Nacional.<\/p>\n<p>Fuente: Caribbean Media World<\/p>\n","protected":false},"excerpt":{"rendered":"<p>SANTO DOMINGO.- De cara al anuncio de las nominaciones realizadas por Acroarte para la gala<\/p>\n","protected":false},"author":2,"featured_media":0,"comment_status":"open","ping_status":"open","sticky":false,"template":"","format":"standard","meta":{"footnotes":""},"categories":[249],"tags":[],"class_list":["post-38172","post","type-post","status-publish","format-standard","hentry","category-farandula"],"_links":{"self":[{"href":"https:\/\/defrentealaverdad.com\/index.php\/wp-json\/wp\/v2\/posts\/38172","targetHints":{"allow":["GET"]}}],"collection":[{"href":"https:\/\/defrentealaverdad.com\/index.php\/wp-json\/wp\/v2\/posts"}],"about":[{"href":"https:\/\/defrentealaverdad.com\/index.php\/wp-json\/wp\/v2\/types\/post"}],"author":[{"embeddable":true,"href":"https:\/\/defrentealaverdad.com\/index.php\/wp-json\/wp\/v2\/users\/2"}],"replies":[{"embeddable":true,"href":"https:\/\/defrentealaverdad.com\/index.php\/wp-json\/wp\/v2\/comments?post=38172"}],"version-history":[{"count":1,"href":"https:\/\/defrentealaverdad.com\/index.php\/wp-json\/wp\/v2\/posts\/38172\/revisions"}],"predecessor-version":[{"id":38175,"href":"https:\/\/defrentealaverdad.com\/index.php\/wp-json\/wp\/v2\/posts\/38172\/revisions\/38175"}],"wp:attachment":[{"href":"https:\/\/defrentealaverdad.com\/index.php\/wp-json\/wp\/v2\/media?parent=38172"}],"wp:term":[{"taxonomy":"category","embeddable":true,"href":"https:\/\/defrentealaverdad.com\/index.php\/wp-json\/wp\/v2\/categories?post=38172"},{"taxonomy":"post_tag","embeddable":true,"href":"https:\/\/defrentealaverdad.com\/index.php\/wp-json\/wp\/v2\/tags?post=38172"}],"curies":[{"name":"wp","href":"https:\/\/api.w.org\/{rel}","templated":true}]}}