{"id":38166,"date":"2025-01-28T20:51:20","date_gmt":"2025-01-28T20:51:20","guid":{"rendered":"https:\/\/defrentealaverdad.com\/?p=38166"},"modified":"2025-01-29T00:53:26","modified_gmt":"2025-01-29T00:53:26","slug":"alcaldia-de-santiago-impulsa-el-carnaval-2025-con-apoyo-historico-a-grupos-de-lechones","status":"publish","type":"post","link":"https:\/\/defrentealaverdad.com\/index.php\/2025\/01\/28\/alcaldia-de-santiago-impulsa-el-carnaval-2025-con-apoyo-historico-a-grupos-de-lechones\/","title":{"rendered":"Alcald\u00eda de Santiago impulsa el Carnaval 2025 con apoyo hist\u00f3rico a grupos de lechones"},"content":{"rendered":"<p style=\"text-align: justify;\"><strong>Santiago de los Caballeros<\/strong> \u2013 La Alcald\u00eda de Santiago entreg\u00f3 este martes la primera partida de recursos destinados a las federaciones y grupos organizados que participar\u00e1n en el Carnaval de Santiago 2025, reafirmando su compromiso con la tradici\u00f3n y la cultura local.<\/p>\n<p style=\"text-align: justify;\">Los fondos fueron entregados a representantes de las principales asociaciones carnavalescas, incluyendo UCASA, UCACOSAN, FUCSA, FELECSA y el Bloque Independiente.<\/p>\n<p style=\"text-align: justify;\">Durante el acto, el alcalde Ulises Rodr\u00edguez destac\u00f3 la importancia de esta contribuci\u00f3n para garantizar la calidad y el \u00e9xito del evento.<\/p>\n<blockquote>\n<p style=\"text-align: justify;\">\u201cEstamos entregando estos recursos como parte del compromiso que esta Alcald\u00eda asume con el Carnaval de Santiago. Este apoyo permitir\u00e1 a los grupos participantes preparar trajes vistosos y personajes pintorescos, esenciales para realzar la identidad y el esplendor de nuestro carnaval\u201d, expres\u00f3 Rodr\u00edguez.<\/p>\n<\/blockquote>\n<p style=\"text-align: justify;\">Mientras que Jorge Amaury, en representaci\u00f3n de los grupos de lechones, agradeci\u00f3 el respaldo de la Alcald\u00eda.<\/p>\n<blockquote>\n<p style=\"text-align: justify;\">\u201cEstamos muy agradecidos por esta contribuci\u00f3n que nuestro alcalde ha hecho al Carnaval de Santiago. Este apoyo era algo que anhel\u00e1bamos desde hace tiempo, y con la llegada de Ulises Rodr\u00edguez se ha hecho realidad\u201d, afirm\u00f3.<\/p>\n<\/blockquote>\n<p style=\"text-align: justify;\"><strong>Un carnaval bajo cuatro pilares fundamentales<\/strong><\/p>\n<p style=\"text-align: justify;\">El Carnaval de Santiago 2025 estar\u00e1 centrado en cuatro ejes estrat\u00e9gicos: innovaci\u00f3n, cultura, internacionalidad y diversi\u00f3n. Estas directrices buscan conectar con diversos segmentos de la poblaci\u00f3n, reforzando la relevancia y proyecci\u00f3n del evento en el \u00e1mbito local y regional.<\/p>\n<p style=\"text-align: justify;\">La edici\u00f3n 2025 se llevar\u00e1 a cabo del 9 de febrero al 2 de marzo, teniendo como escenario principal el Parque Central de Santiago. Este espacio ofrecer\u00e1 mayores facilidades log\u00edsticas, incluyendo \u00e1reas para espect\u00e1culos, estacionamientos, mayor seguridad y una mejor organizaci\u00f3n general, garantizando una experiencia inolvidable para los asistentes.<\/p>\n<p style=\"text-align: justify;\">Con esta iniciativa, la Alcald\u00eda de Santiago reafirma su compromiso con la preservaci\u00f3n de la cultura y las tradiciones, posicionando al Carnaval de Santiago como un motor de identidad y desarrollo para la provincia.<\/p>\n<p>Fuente: Prensa Carnaval Santiago<\/p>\n","protected":false},"excerpt":{"rendered":"<p>Santiago de los Caballeros \u2013 La Alcald\u00eda de Santiago entreg\u00f3 este martes la primera partida<\/p>\n","protected":false},"author":1,"featured_media":38167,"comment_status":"open","ping_status":"open","sticky":false,"template":"","format":"standard","meta":{"footnotes":""},"categories":[245],"tags":[],"class_list":["post-38166","post","type-post","status-publish","format-standard","has-post-thumbnail","hentry","category-cultura"],"_links":{"self":[{"href":"https:\/\/defrentealaverdad.com\/index.php\/wp-json\/wp\/v2\/posts\/38166","targetHints":{"allow":["GET"]}}],"collection":[{"href":"https:\/\/defrentealaverdad.com\/index.php\/wp-json\/wp\/v2\/posts"}],"about":[{"href":"https:\/\/defrentealaverdad.com\/index.php\/wp-json\/wp\/v2\/types\/post"}],"author":[{"embeddable":true,"href":"https:\/\/defrentealaverdad.com\/index.php\/wp-json\/wp\/v2\/users\/1"}],"replies":[{"embeddable":true,"href":"https:\/\/defrentealaverdad.com\/index.php\/wp-json\/wp\/v2\/comments?post=38166"}],"version-history":[{"count":1,"href":"https:\/\/defrentealaverdad.com\/index.php\/wp-json\/wp\/v2\/posts\/38166\/revisions"}],"predecessor-version":[{"id":38168,"href":"https:\/\/defrentealaverdad.com\/index.php\/wp-json\/wp\/v2\/posts\/38166\/revisions\/38168"}],"wp:featuredmedia":[{"embeddable":true,"href":"https:\/\/defrentealaverdad.com\/index.php\/wp-json\/wp\/v2\/media\/38167"}],"wp:attachment":[{"href":"https:\/\/defrentealaverdad.com\/index.php\/wp-json\/wp\/v2\/media?parent=38166"}],"wp:term":[{"taxonomy":"category","embeddable":true,"href":"https:\/\/defrentealaverdad.com\/index.php\/wp-json\/wp\/v2\/categories?post=38166"},{"taxonomy":"post_tag","embeddable":true,"href":"https:\/\/defrentealaverdad.com\/index.php\/wp-json\/wp\/v2\/tags?post=38166"}],"curies":[{"name":"wp","href":"https:\/\/api.w.org\/{rel}","templated":true}]}}