{"id":38160,"date":"2025-01-28T19:18:04","date_gmt":"2025-01-28T19:18:04","guid":{"rendered":"https:\/\/defrentealaverdad.com\/?p=38160"},"modified":"2025-01-29T00:18:18","modified_gmt":"2025-01-29T00:18:18","slug":"copardom-reitera-compromiso-con-el-dialogo-social-en-torno-al-aumento-salarial","status":"publish","type":"post","link":"https:\/\/defrentealaverdad.com\/index.php\/2025\/01\/28\/copardom-reitera-compromiso-con-el-dialogo-social-en-torno-al-aumento-salarial\/","title":{"rendered":"COPARDOM reitera compromiso con el di\u00e1logo social en torno al aumento salarial"},"content":{"rendered":"<blockquote>\n<p style=\"text-align: justify;\">La entidad apuesta al di\u00e1logo tripartito para los ajustes de sueldos propuestos por el presidente Abinader, y ve como puntos claves la inflaci\u00f3n y productividad en la discusi\u00f3n salarial.<\/p>\n<\/blockquote>\n<p style=\"text-align: justify;\"><strong>Santo Domingo, Rep. Dom.- <\/strong>La presidenta de la Confederaci\u00f3n Patronal de la Rep\u00fablica Dominicana (COPARDOM), Laura Pe\u00f1a Izquierdo, se pronunci\u00f3 hoy sobre el anuncio del presidente Luis Abinader en torno a un posible aumento salarial para los trabajadores no sectorizados.<\/p>\n<p style=\"text-align: justify;\">Laura Pe\u00f1a Izquierdo, presidenta de la entidad empresarial, enfatiz\u00f3 el compromiso del sector empleador con el cumplimiento del C\u00f3digo de Trabajo y los procesos de di\u00e1logo social.<\/p>\n<blockquote>\n<p style=\"text-align: justify;\">\u201cSiempre hemos cumplido con los procesos establecidos para la discusi\u00f3n de los salarios m\u00ednimos y esperamos que cualquier propuesta, independientemente de su origen, se aborde en el \u00f3rgano correspondiente\u201d, declar\u00f3.<\/p>\n<\/blockquote>\n<p style=\"text-align: justify;\">En este sentido, COPARDOM resalt\u00f3 la importancia del Comit\u00e9 Nacional de Salarios, como organismo tripartito que el mismo C\u00f3digo de Trabajo establece para la revisi\u00f3n y fijaci\u00f3n de las tarifas de salarios m\u00ednimos para los trabajadores. Este comit\u00e9, con representaci\u00f3n del gobierno, los empleadores y los trabajadores, es el espacio id\u00f3neo para analizar y debatir cualquier propuesta de ajuste salarial.<\/p>\n<p style=\"text-align: justify;\">Manifest\u00f3 que la COPARDOM consider\u00f3 oportuno evaluar todos los factores econ\u00f3micos y sociales que inciden en la determinaci\u00f3n de los salarios, incluyendo el desempe\u00f1o econ\u00f3mico, la inflaci\u00f3n, la productividad y las expectativas de crecimiento.<\/p>\n<blockquote>\n<p style=\"text-align: justify;\">\u201cReiteramos nuestra disposici\u00f3n al di\u00e1logo social para alcanzar la mejor decisi\u00f3n para toda la sociedad\u201d, precis\u00f3 la presidenta de COPARDOM.<\/p>\n<\/blockquote>\n<p style=\"text-align: justify;\">Pe\u00f1a Izquierdo destac\u00f3 la importancia de que la discusi\u00f3n sobre los salarios m\u00ednimos se realice en el marco establecido por el C\u00f3digo de Trabajo.<\/p>\n<p>&nbsp;<\/p>\n<p>Fuente: COPARDOM<\/p>\n","protected":false},"excerpt":{"rendered":"<p>La entidad apuesta al di\u00e1logo tripartito para los ajustes de sueldos propuestos por el presidente<\/p>\n","protected":false},"author":4,"featured_media":38161,"comment_status":"open","ping_status":"open","sticky":false,"template":"","format":"standard","meta":{"footnotes":""},"categories":[2],"tags":[],"class_list":["post-38160","post","type-post","status-publish","format-standard","has-post-thumbnail","hentry","category-economicas"],"_links":{"self":[{"href":"https:\/\/defrentealaverdad.com\/index.php\/wp-json\/wp\/v2\/posts\/38160","targetHints":{"allow":["GET"]}}],"collection":[{"href":"https:\/\/defrentealaverdad.com\/index.php\/wp-json\/wp\/v2\/posts"}],"about":[{"href":"https:\/\/defrentealaverdad.com\/index.php\/wp-json\/wp\/v2\/types\/post"}],"author":[{"embeddable":true,"href":"https:\/\/defrentealaverdad.com\/index.php\/wp-json\/wp\/v2\/users\/4"}],"replies":[{"embeddable":true,"href":"https:\/\/defrentealaverdad.com\/index.php\/wp-json\/wp\/v2\/comments?post=38160"}],"version-history":[{"count":1,"href":"https:\/\/defrentealaverdad.com\/index.php\/wp-json\/wp\/v2\/posts\/38160\/revisions"}],"predecessor-version":[{"id":38162,"href":"https:\/\/defrentealaverdad.com\/index.php\/wp-json\/wp\/v2\/posts\/38160\/revisions\/38162"}],"wp:featuredmedia":[{"embeddable":true,"href":"https:\/\/defrentealaverdad.com\/index.php\/wp-json\/wp\/v2\/media\/38161"}],"wp:attachment":[{"href":"https:\/\/defrentealaverdad.com\/index.php\/wp-json\/wp\/v2\/media?parent=38160"}],"wp:term":[{"taxonomy":"category","embeddable":true,"href":"https:\/\/defrentealaverdad.com\/index.php\/wp-json\/wp\/v2\/categories?post=38160"},{"taxonomy":"post_tag","embeddable":true,"href":"https:\/\/defrentealaverdad.com\/index.php\/wp-json\/wp\/v2\/tags?post=38160"}],"curies":[{"name":"wp","href":"https:\/\/api.w.org\/{rel}","templated":true}]}}